{"id":1744,"date":"2024-09-17T09:00:28","date_gmt":"2024-09-17T12:00:28","guid":{"rendered":"https:\/\/www.salaodesign.com.br\/es\/?p=1744"},"modified":"2024-09-19T14:22:57","modified_gmt":"2024-09-19T17:22:57","slug":"declaracion-ampliacion-en-la-liberacion-de-finalistas-premio-salao-design-2025-2","status":"publish","type":"post","link":"https:\/\/www.salaodesign.com.br\/es\/declaracion-ampliacion-en-la-liberacion-de-finalistas-premio-salao-design-2025-2\/","title":{"rendered":"Finalistas de la Primera Fase del Premio Sal\u00e3o de Design 2025"},"content":{"rendered":"<p>Ya concluy\u00f3 la primera fase de evaluaci\u00f3n del Premio Brasile\u00f1o de Dise\u00f1o de Mobiliario, que involucra an\u00e1lisis t\u00e9cnico-funcional. En total, fueron seleccionados <strong>103 productos<\/strong> en las categor\u00edas Estudiante y Profesional, cubriendo las cinco categor\u00edas que propone el Premio Sal\u00e3o de Dise\u00f1o. \u00a1Mira los productos finalistas ahora!<\/p>\n<p>&nbsp;<\/p>\n<h2><span style=\"font-size: 24pt;\"><strong>DESAF\u00cdO DE LOS ESPACIOS EN TRANSFORMACI\u00d3N &#8211; ESTUDIANTE<\/strong><\/span><\/h2>\n\n\t\t<style type=\"text\/css\">\n\t\t\t#gallery-1 {\n\t\t\t\tmargin: auto;\n\t\t\t}\n\t\t\t#gallery-1 .gallery-item {\n\t\t\t\tfloat: left;\n\t\t\t\tmargin-top: 10px;\n\t\t\t\ttext-align: center;\n\t\t\t\twidth: 33%;\n\t\t\t}\n\t\t\t#gallery-1 img {\n\t\t\t\tborder: 2px solid #cfcfcf;\n\t\t\t}\n\t\t\t#gallery-1 .gallery-caption {\n\t\t\t\tmargin-left: 0;\n\t\t\t}\n\t\t\t\/* see gallery_shortcode() in wp-includes\/media.php *\/\n\t\t<\/style>\n\t\t<div id='gallery-1' class='gallery galleryid-1744 gallery-columns-3 gallery-size-thumbnail'><dl class='gallery-item'>\n\t\t\t<dt class='gallery-icon landscape'>\n\t\t\t\t<a href='https:\/\/www.salaodesign.com.br\/es\/declaracion-ampliacion-en-la-liberacion-de-finalistas-premio-salao-design-2025-2\/3092-recamier-cais\/'><img loading=\"lazy\" decoding=\"async\" width=\"150\" height=\"150\" src=\"https:\/\/www.salaodesign.com.br\/es\/wp-content\/uploads\/2024\/09\/3092-Recamier-Cais-150x150.png\" class=\"attachment-thumbnail size-thumbnail\" alt=\"\" aria-describedby=\"gallery-1-1755\" srcset=\"https:\/\/www.salaodesign.com.br\/es\/wp-content\/uploads\/2024\/09\/3092-Recamier-Cais-150x150.png 150w, https:\/\/www.salaodesign.com.br\/es\/wp-content\/uploads\/2024\/09\/3092-Recamier-Cais-125x125.png 125w\" sizes=\"auto, (max-width: 150px) 100vw, 150px\" \/><\/a>\n\t\t\t<\/dt>\n\t\t\t\t<dd class='wp-caption-text gallery-caption' id='gallery-1-1755'>\n\t\t\t\t3092 &#8211; Recamier Cais\n\t\t\t\t<\/dd><\/dl><dl class='gallery-item'>\n\t\t\t<dt class='gallery-icon landscape'>\n\t\t\t\t<a href='https:\/\/www.salaodesign.com.br\/es\/declaracion-ampliacion-en-la-liberacion-de-finalistas-premio-salao-design-2025-2\/3395-sofa-palma\/'><img loading=\"lazy\" decoding=\"async\" width=\"150\" height=\"150\" src=\"https:\/\/www.salaodesign.com.br\/es\/wp-content\/uploads\/2024\/09\/3395-Sofa-Palma-150x150.png\" class=\"attachment-thumbnail size-thumbnail\" alt=\"\" aria-describedby=\"gallery-1-1756\" srcset=\"https:\/\/www.salaodesign.com.br\/es\/wp-content\/uploads\/2024\/09\/3395-Sofa-Palma-150x150.png 150w, https:\/\/www.salaodesign.com.br\/es\/wp-content\/uploads\/2024\/09\/3395-Sofa-Palma-125x125.png 125w\" sizes=\"auto, (max-width: 150px) 100vw, 150px\" \/><\/a>\n\t\t\t<\/dt>\n\t\t\t\t<dd class='wp-caption-text gallery-caption' id='gallery-1-1756'>\n\t\t\t\t3395 &#8211; Sofa\u0301 Palma\n\t\t\t\t<\/dd><\/dl><dl class='gallery-item'>\n\t\t\t<dt class='gallery-icon landscape'>\n\t\t\t\t<a href='https:\/\/www.salaodesign.com.br\/es\/declaracion-ampliacion-en-la-liberacion-de-finalistas-premio-salao-design-2025-2\/4845-sprint\/'><img loading=\"lazy\" decoding=\"async\" width=\"150\" height=\"150\" src=\"https:\/\/www.salaodesign.com.br\/es\/wp-content\/uploads\/2024\/09\/4845-SPRINT-150x150.png\" class=\"attachment-thumbnail size-thumbnail\" alt=\"\" aria-describedby=\"gallery-1-1757\" srcset=\"https:\/\/www.salaodesign.com.br\/es\/wp-content\/uploads\/2024\/09\/4845-SPRINT-150x150.png 150w, https:\/\/www.salaodesign.com.br\/es\/wp-content\/uploads\/2024\/09\/4845-SPRINT-125x125.png 125w\" sizes=\"auto, (max-width: 150px) 100vw, 150px\" \/><\/a>\n\t\t\t<\/dt>\n\t\t\t\t<dd class='wp-caption-text gallery-caption' id='gallery-1-1757'>\n\t\t\t\t4845 &#8211; SPRINT\n\t\t\t\t<\/dd><\/dl><br style=\"clear: both\" \/><dl class='gallery-item'>\n\t\t\t<dt class='gallery-icon landscape'>\n\t\t\t\t<a href='https:\/\/www.salaodesign.com.br\/es\/declaracion-ampliacion-en-la-liberacion-de-finalistas-premio-salao-design-2025-2\/5084-colecao-carlota\/'><img loading=\"lazy\" decoding=\"async\" width=\"150\" height=\"150\" src=\"https:\/\/www.salaodesign.com.br\/es\/wp-content\/uploads\/2024\/09\/5084-Colecao-Carlota-150x150.png\" class=\"attachment-thumbnail size-thumbnail\" alt=\"\" aria-describedby=\"gallery-1-1758\" srcset=\"https:\/\/www.salaodesign.com.br\/es\/wp-content\/uploads\/2024\/09\/5084-Colecao-Carlota-150x150.png 150w, https:\/\/www.salaodesign.com.br\/es\/wp-content\/uploads\/2024\/09\/5084-Colecao-Carlota-125x125.png 125w\" sizes=\"auto, (max-width: 150px) 100vw, 150px\" \/><\/a>\n\t\t\t<\/dt>\n\t\t\t\t<dd class='wp-caption-text gallery-caption' id='gallery-1-1758'>\n\t\t\t\t5084 &#8211; Colec\u0327a\u0303o Carlota\n\t\t\t\t<\/dd><\/dl>\n\t\t\t<br style='clear: both' \/>\n\t\t<\/div>\n\n<p>&nbsp;<\/p>\n<h2><span style=\"font-size: 24pt;\"><strong>DESAF\u00cdO DE LOS ESPACIOS EN TRANSFORMACI\u00d3N &#8211; PROFESIONAL<\/strong><\/span><\/h2>\n\n\t\t<style type=\"text\/css\">\n\t\t\t#gallery-2 {\n\t\t\t\tmargin: auto;\n\t\t\t}\n\t\t\t#gallery-2 .gallery-item {\n\t\t\t\tfloat: left;\n\t\t\t\tmargin-top: 10px;\n\t\t\t\ttext-align: center;\n\t\t\t\twidth: 33%;\n\t\t\t}\n\t\t\t#gallery-2 img {\n\t\t\t\tborder: 2px solid #cfcfcf;\n\t\t\t}\n\t\t\t#gallery-2 .gallery-caption {\n\t\t\t\tmargin-left: 0;\n\t\t\t}\n\t\t\t\/* see gallery_shortcode() in wp-includes\/media.php *\/\n\t\t<\/style>\n\t\t<div id='gallery-2' class='gallery galleryid-1744 gallery-columns-3 gallery-size-thumbnail'><dl class='gallery-item'>\n\t\t\t<dt class='gallery-icon landscape'>\n\t\t\t\t<a href='https:\/\/www.salaodesign.com.br\/es\/declaracion-ampliacion-en-la-liberacion-de-finalistas-premio-salao-design-2025-2\/1838-azur\/'><img loading=\"lazy\" decoding=\"async\" width=\"150\" height=\"150\" src=\"https:\/\/www.salaodesign.com.br\/es\/wp-content\/uploads\/2024\/09\/1838-Azur-150x150.png\" class=\"attachment-thumbnail size-thumbnail\" alt=\"\" aria-describedby=\"gallery-2-1759\" srcset=\"https:\/\/www.salaodesign.com.br\/es\/wp-content\/uploads\/2024\/09\/1838-Azur-150x150.png 150w, https:\/\/www.salaodesign.com.br\/es\/wp-content\/uploads\/2024\/09\/1838-Azur-125x125.png 125w\" sizes=\"auto, (max-width: 150px) 100vw, 150px\" \/><\/a>\n\t\t\t<\/dt>\n\t\t\t\t<dd class='wp-caption-text gallery-caption' id='gallery-2-1759'>\n\t\t\t\t1838 &#8211; Azur\n\t\t\t\t<\/dd><\/dl><dl class='gallery-item'>\n\t\t\t<dt class='gallery-icon landscape'>\n\t\t\t\t<a href='https:\/\/www.salaodesign.com.br\/es\/declaracion-ampliacion-en-la-liberacion-de-finalistas-premio-salao-design-2025-2\/3785-cadeira-olavo\/'><img loading=\"lazy\" decoding=\"async\" width=\"150\" height=\"150\" src=\"https:\/\/www.salaodesign.com.br\/es\/wp-content\/uploads\/2024\/09\/3785-Cadeira-Olavo-150x150.png\" class=\"attachment-thumbnail size-thumbnail\" alt=\"\" aria-describedby=\"gallery-2-1760\" srcset=\"https:\/\/www.salaodesign.com.br\/es\/wp-content\/uploads\/2024\/09\/3785-Cadeira-Olavo-150x150.png 150w, https:\/\/www.salaodesign.com.br\/es\/wp-content\/uploads\/2024\/09\/3785-Cadeira-Olavo-125x125.png 125w\" sizes=\"auto, (max-width: 150px) 100vw, 150px\" \/><\/a>\n\t\t\t<\/dt>\n\t\t\t\t<dd class='wp-caption-text gallery-caption' id='gallery-2-1760'>\n\t\t\t\t3785 &#8211; Cadeira Olavo\n\t\t\t\t<\/dd><\/dl><dl class='gallery-item'>\n\t\t\t<dt class='gallery-icon landscape'>\n\t\t\t\t<a href='https:\/\/www.salaodesign.com.br\/es\/declaracion-ampliacion-en-la-liberacion-de-finalistas-premio-salao-design-2025-2\/3787-linha-coral-homeoffice\/'><img loading=\"lazy\" decoding=\"async\" width=\"150\" height=\"150\" src=\"https:\/\/www.salaodesign.com.br\/es\/wp-content\/uploads\/2024\/09\/3787-Linha-Coral-HomeOffice-150x150.png\" class=\"attachment-thumbnail size-thumbnail\" alt=\"\" aria-describedby=\"gallery-2-1761\" srcset=\"https:\/\/www.salaodesign.com.br\/es\/wp-content\/uploads\/2024\/09\/3787-Linha-Coral-HomeOffice-150x150.png 150w, https:\/\/www.salaodesign.com.br\/es\/wp-content\/uploads\/2024\/09\/3787-Linha-Coral-HomeOffice-125x125.png 125w\" sizes=\"auto, (max-width: 150px) 100vw, 150px\" \/><\/a>\n\t\t\t<\/dt>\n\t\t\t\t<dd class='wp-caption-text gallery-caption' id='gallery-2-1761'>\n\t\t\t\t3787 &#8211; Linha Coral Home\n\t\t\t\t<\/dd><\/dl><br style=\"clear: both\" \/><dl class='gallery-item'>\n\t\t\t<dt class='gallery-icon landscape'>\n\t\t\t\t<a href='https:\/\/www.salaodesign.com.br\/es\/declaracion-ampliacion-en-la-liberacion-de-finalistas-premio-salao-design-2025-2\/3924-mesas-de-apoio-5graus\/'><img loading=\"lazy\" decoding=\"async\" width=\"150\" height=\"150\" src=\"https:\/\/www.salaodesign.com.br\/es\/wp-content\/uploads\/2024\/09\/3924-Mesas-de-apoio-5GRAUS-150x150.png\" class=\"attachment-thumbnail size-thumbnail\" alt=\"\" aria-describedby=\"gallery-2-1762\" srcset=\"https:\/\/www.salaodesign.com.br\/es\/wp-content\/uploads\/2024\/09\/3924-Mesas-de-apoio-5GRAUS-150x150.png 150w, https:\/\/www.salaodesign.com.br\/es\/wp-content\/uploads\/2024\/09\/3924-Mesas-de-apoio-5GRAUS-125x125.png 125w\" sizes=\"auto, (max-width: 150px) 100vw, 150px\" \/><\/a>\n\t\t\t<\/dt>\n\t\t\t\t<dd class='wp-caption-text gallery-caption' id='gallery-2-1762'>\n\t\t\t\t3924 &#8211; Mesas de apoio 5GRAUS\n\t\t\t\t<\/dd><\/dl><dl class='gallery-item'>\n\t\t\t<dt class='gallery-icon landscape'>\n\t\t\t\t<a href='https:\/\/www.salaodesign.com.br\/es\/declaracion-ampliacion-en-la-liberacion-de-finalistas-premio-salao-design-2025-2\/4612-sistema-pipe\/'><img loading=\"lazy\" decoding=\"async\" width=\"150\" height=\"150\" src=\"https:\/\/www.salaodesign.com.br\/es\/wp-content\/uploads\/2024\/09\/4612-Sistema-PIPE-150x150.png\" class=\"attachment-thumbnail size-thumbnail\" alt=\"\" aria-describedby=\"gallery-2-1763\" srcset=\"https:\/\/www.salaodesign.com.br\/es\/wp-content\/uploads\/2024\/09\/4612-Sistema-PIPE-150x150.png 150w, https:\/\/www.salaodesign.com.br\/es\/wp-content\/uploads\/2024\/09\/4612-Sistema-PIPE-125x125.png 125w\" sizes=\"auto, (max-width: 150px) 100vw, 150px\" \/><\/a>\n\t\t\t<\/dt>\n\t\t\t\t<dd class='wp-caption-text gallery-caption' id='gallery-2-1763'>\n\t\t\t\t4612 &#8211; Sistema PIPE\n\t\t\t\t<\/dd><\/dl><dl class='gallery-item'>\n\t\t\t<dt class='gallery-icon landscape'>\n\t\t\t\t<a href='https:\/\/www.salaodesign.com.br\/es\/declaracion-ampliacion-en-la-liberacion-de-finalistas-premio-salao-design-2025-2\/4936-escrivaninha-mucuripe\/'><img loading=\"lazy\" decoding=\"async\" width=\"150\" height=\"150\" src=\"https:\/\/www.salaodesign.com.br\/es\/wp-content\/uploads\/2024\/09\/4936-Escrivaninha-Mucuripe-150x150.png\" class=\"attachment-thumbnail size-thumbnail\" alt=\"\" aria-describedby=\"gallery-2-1764\" srcset=\"https:\/\/www.salaodesign.com.br\/es\/wp-content\/uploads\/2024\/09\/4936-Escrivaninha-Mucuripe-150x150.png 150w, https:\/\/www.salaodesign.com.br\/es\/wp-content\/uploads\/2024\/09\/4936-Escrivaninha-Mucuripe-125x125.png 125w\" sizes=\"auto, (max-width: 150px) 100vw, 150px\" \/><\/a>\n\t\t\t<\/dt>\n\t\t\t\t<dd class='wp-caption-text gallery-caption' id='gallery-2-1764'>\n\t\t\t\t4936 &#8211; Escrivaninha Mucuripe\n\t\t\t\t<\/dd><\/dl><br style=\"clear: both\" \/><dl class='gallery-item'>\n\t\t\t<dt class='gallery-icon landscape'>\n\t\t\t\t<a href='https:\/\/www.salaodesign.com.br\/es\/declaracion-ampliacion-en-la-liberacion-de-finalistas-premio-salao-design-2025-2\/4972-banco-coral\/'><img loading=\"lazy\" decoding=\"async\" width=\"150\" height=\"150\" src=\"https:\/\/www.salaodesign.com.br\/es\/wp-content\/uploads\/2024\/09\/4972-Banco-CORAL-150x150.png\" class=\"attachment-thumbnail size-thumbnail\" alt=\"\" aria-describedby=\"gallery-2-1765\" srcset=\"https:\/\/www.salaodesign.com.br\/es\/wp-content\/uploads\/2024\/09\/4972-Banco-CORAL-150x150.png 150w, https:\/\/www.salaodesign.com.br\/es\/wp-content\/uploads\/2024\/09\/4972-Banco-CORAL-125x125.png 125w\" sizes=\"auto, (max-width: 150px) 100vw, 150px\" \/><\/a>\n\t\t\t<\/dt>\n\t\t\t\t<dd class='wp-caption-text gallery-caption' id='gallery-2-1765'>\n\t\t\t\t4972 &#8211; Banco CORAL\n\t\t\t\t<\/dd><\/dl><dl class='gallery-item'>\n\t\t\t<dt class='gallery-icon landscape'>\n\t\t\t\t<a href='https:\/\/www.salaodesign.com.br\/es\/declaracion-ampliacion-en-la-liberacion-de-finalistas-premio-salao-design-2025-2\/4973-furbe\/'><img loading=\"lazy\" decoding=\"async\" width=\"150\" height=\"150\" src=\"https:\/\/www.salaodesign.com.br\/es\/wp-content\/uploads\/2024\/09\/4973-Furbe-150x150.png\" class=\"attachment-thumbnail size-thumbnail\" alt=\"\" aria-describedby=\"gallery-2-1766\" srcset=\"https:\/\/www.salaodesign.com.br\/es\/wp-content\/uploads\/2024\/09\/4973-Furbe-150x150.png 150w, https:\/\/www.salaodesign.com.br\/es\/wp-content\/uploads\/2024\/09\/4973-Furbe-125x125.png 125w\" sizes=\"auto, (max-width: 150px) 100vw, 150px\" \/><\/a>\n\t\t\t<\/dt>\n\t\t\t\t<dd class='wp-caption-text gallery-caption' id='gallery-2-1766'>\n\t\t\t\t4973 &#8211; Furbe\n\t\t\t\t<\/dd><\/dl><dl class='gallery-item'>\n\t\t\t<dt class='gallery-icon landscape'>\n\t\t\t\t<a href='https:\/\/www.salaodesign.com.br\/es\/declaracion-ampliacion-en-la-liberacion-de-finalistas-premio-salao-design-2025-2\/4993-componiveis-stonehenge\/'><img loading=\"lazy\" decoding=\"async\" width=\"150\" height=\"150\" src=\"https:\/\/www.salaodesign.com.br\/es\/wp-content\/uploads\/2024\/09\/4993-Componiveis-Stonehenge-150x150.png\" class=\"attachment-thumbnail size-thumbnail\" alt=\"\" aria-describedby=\"gallery-2-1767\" srcset=\"https:\/\/www.salaodesign.com.br\/es\/wp-content\/uploads\/2024\/09\/4993-Componiveis-Stonehenge-150x150.png 150w, https:\/\/www.salaodesign.com.br\/es\/wp-content\/uploads\/2024\/09\/4993-Componiveis-Stonehenge-125x125.png 125w\" sizes=\"auto, (max-width: 150px) 100vw, 150px\" \/><\/a>\n\t\t\t<\/dt>\n\t\t\t\t<dd class='wp-caption-text gallery-caption' id='gallery-2-1767'>\n\t\t\t\t4993 &#8211; Componi\u0301veis Stonehenge\n\t\t\t\t<\/dd><\/dl><br style=\"clear: both\" \/><dl class='gallery-item'>\n\t\t\t<dt class='gallery-icon landscape'>\n\t\t\t\t<a href='https:\/\/www.salaodesign.com.br\/es\/declaracion-ampliacion-en-la-liberacion-de-finalistas-premio-salao-design-2025-2\/5049-escrivaninha-cantilever\/'><img loading=\"lazy\" decoding=\"async\" width=\"150\" height=\"150\" src=\"https:\/\/www.salaodesign.com.br\/es\/wp-content\/uploads\/2024\/09\/5049-Escrivaninha-Cantilever-150x150.png\" class=\"attachment-thumbnail size-thumbnail\" alt=\"\" aria-describedby=\"gallery-2-1768\" srcset=\"https:\/\/www.salaodesign.com.br\/es\/wp-content\/uploads\/2024\/09\/5049-Escrivaninha-Cantilever-150x150.png 150w, https:\/\/www.salaodesign.com.br\/es\/wp-content\/uploads\/2024\/09\/5049-Escrivaninha-Cantilever-125x125.png 125w\" sizes=\"auto, (max-width: 150px) 100vw, 150px\" \/><\/a>\n\t\t\t<\/dt>\n\t\t\t\t<dd class='wp-caption-text gallery-caption' id='gallery-2-1768'>\n\t\t\t\t5049 &#8211; Escrivaninha Cantilever\n\t\t\t\t<\/dd><\/dl><dl class='gallery-item'>\n\t\t\t<dt class='gallery-icon landscape'>\n\t\t\t\t<a href='https:\/\/www.salaodesign.com.br\/es\/declaracion-ampliacion-en-la-liberacion-de-finalistas-premio-salao-design-2025-2\/5110-sofa-jabu\/'><img loading=\"lazy\" decoding=\"async\" width=\"150\" height=\"150\" src=\"https:\/\/www.salaodesign.com.br\/es\/wp-content\/uploads\/2024\/09\/5110-Sofa-Jabu-150x150.png\" class=\"attachment-thumbnail size-thumbnail\" alt=\"\" aria-describedby=\"gallery-2-1769\" srcset=\"https:\/\/www.salaodesign.com.br\/es\/wp-content\/uploads\/2024\/09\/5110-Sofa-Jabu-150x150.png 150w, https:\/\/www.salaodesign.com.br\/es\/wp-content\/uploads\/2024\/09\/5110-Sofa-Jabu-125x125.png 125w\" sizes=\"auto, (max-width: 150px) 100vw, 150px\" \/><\/a>\n\t\t\t<\/dt>\n\t\t\t\t<dd class='wp-caption-text gallery-caption' id='gallery-2-1769'>\n\t\t\t\t5110 &#8211; Sofa\u0301 Jabu\n\t\t\t\t<\/dd><\/dl><dl class='gallery-item'>\n\t\t\t<dt class='gallery-icon landscape'>\n\t\t\t\t<a href='https:\/\/www.salaodesign.com.br\/es\/declaracion-ampliacion-en-la-liberacion-de-finalistas-premio-salao-design-2025-2\/5159-mesa-de-jantar-saci\/'><img loading=\"lazy\" decoding=\"async\" width=\"150\" height=\"150\" src=\"https:\/\/www.salaodesign.com.br\/es\/wp-content\/uploads\/2024\/09\/5159-Mesa-de-Jantar-Saci-150x150.png\" class=\"attachment-thumbnail size-thumbnail\" alt=\"\" aria-describedby=\"gallery-2-1770\" srcset=\"https:\/\/www.salaodesign.com.br\/es\/wp-content\/uploads\/2024\/09\/5159-Mesa-de-Jantar-Saci-150x150.png 150w, https:\/\/www.salaodesign.com.br\/es\/wp-content\/uploads\/2024\/09\/5159-Mesa-de-Jantar-Saci-125x125.png 125w\" sizes=\"auto, (max-width: 150px) 100vw, 150px\" \/><\/a>\n\t\t\t<\/dt>\n\t\t\t\t<dd class='wp-caption-text gallery-caption' id='gallery-2-1770'>\n\t\t\t\t5159 &#8211; Mesa de Jantar Saci\n\t\t\t\t<\/dd><\/dl><br style=\"clear: both\" \/><dl class='gallery-item'>\n\t\t\t<dt class='gallery-icon landscape'>\n\t\t\t\t<a href='https:\/\/www.salaodesign.com.br\/es\/declaracion-ampliacion-en-la-liberacion-de-finalistas-premio-salao-design-2025-2\/5182-mesas-piquenique-linha-trilha\/'><img loading=\"lazy\" decoding=\"async\" width=\"150\" height=\"150\" src=\"https:\/\/www.salaodesign.com.br\/es\/wp-content\/uploads\/2024\/09\/5182-Mesas-Piquenique-Linha-Trilha-150x150.png\" class=\"attachment-thumbnail size-thumbnail\" alt=\"\" aria-describedby=\"gallery-2-1771\" srcset=\"https:\/\/www.salaodesign.com.br\/es\/wp-content\/uploads\/2024\/09\/5182-Mesas-Piquenique-Linha-Trilha-150x150.png 150w, https:\/\/www.salaodesign.com.br\/es\/wp-content\/uploads\/2024\/09\/5182-Mesas-Piquenique-Linha-Trilha-125x125.png 125w\" sizes=\"auto, (max-width: 150px) 100vw, 150px\" \/><\/a>\n\t\t\t<\/dt>\n\t\t\t\t<dd class='wp-caption-text gallery-caption' id='gallery-2-1771'>\n\t\t\t\t5182 &#8211; Mesas Piquenique, Linha Trilha\n\t\t\t\t<\/dd><\/dl><dl class='gallery-item'>\n\t\t\t<dt class='gallery-icon landscape'>\n\t\t\t\t<a href='https:\/\/www.salaodesign.com.br\/es\/declaracion-ampliacion-en-la-liberacion-de-finalistas-premio-salao-design-2025-2\/5195-cadeira-oba\/'><img loading=\"lazy\" decoding=\"async\" width=\"150\" height=\"150\" src=\"https:\/\/www.salaodesign.com.br\/es\/wp-content\/uploads\/2024\/09\/5195-Cadeira-OBA-150x150.png\" class=\"attachment-thumbnail size-thumbnail\" alt=\"\" aria-describedby=\"gallery-2-1772\" srcset=\"https:\/\/www.salaodesign.com.br\/es\/wp-content\/uploads\/2024\/09\/5195-Cadeira-OBA-150x150.png 150w, https:\/\/www.salaodesign.com.br\/es\/wp-content\/uploads\/2024\/09\/5195-Cadeira-OBA-125x125.png 125w\" sizes=\"auto, (max-width: 150px) 100vw, 150px\" \/><\/a>\n\t\t\t<\/dt>\n\t\t\t\t<dd class='wp-caption-text gallery-caption' id='gallery-2-1772'>\n\t\t\t\t5195 &#8211; Cadeira OBA\n\t\t\t\t<\/dd><\/dl><dl class='gallery-item'>\n\t\t\t<dt class='gallery-icon landscape'>\n\t\t\t\t<a href='https:\/\/www.salaodesign.com.br\/es\/declaracion-ampliacion-en-la-liberacion-de-finalistas-premio-salao-design-2025-2\/5262-pufe-apego\/'><img loading=\"lazy\" decoding=\"async\" width=\"150\" height=\"150\" src=\"https:\/\/www.salaodesign.com.br\/es\/wp-content\/uploads\/2024\/09\/5262-Pufe-Apego-150x150.png\" class=\"attachment-thumbnail size-thumbnail\" alt=\"\" aria-describedby=\"gallery-2-1773\" srcset=\"https:\/\/www.salaodesign.com.br\/es\/wp-content\/uploads\/2024\/09\/5262-Pufe-Apego-150x150.png 150w, https:\/\/www.salaodesign.com.br\/es\/wp-content\/uploads\/2024\/09\/5262-Pufe-Apego-125x125.png 125w\" sizes=\"auto, (max-width: 150px) 100vw, 150px\" \/><\/a>\n\t\t\t<\/dt>\n\t\t\t\t<dd class='wp-caption-text gallery-caption' id='gallery-2-1773'>\n\t\t\t\t5262 &#8211; Pufe Apego\n\t\t\t\t<\/dd><\/dl><br style=\"clear: both\" \/>\n\t\t<\/div>\n\n<p>&nbsp;<\/p>\n<h2><span style=\"font-size: 24pt;\"><strong>DESAF\u00cdO DE LA IDENTIDAD BRASILE\u00d1A 2025 &#8211; ESTUDIANTE<\/strong><\/span><\/h2>\n\n\t\t<style type=\"text\/css\">\n\t\t\t#gallery-3 {\n\t\t\t\tmargin: auto;\n\t\t\t}\n\t\t\t#gallery-3 .gallery-item {\n\t\t\t\tfloat: left;\n\t\t\t\tmargin-top: 10px;\n\t\t\t\ttext-align: center;\n\t\t\t\twidth: 33%;\n\t\t\t}\n\t\t\t#gallery-3 img {\n\t\t\t\tborder: 2px solid #cfcfcf;\n\t\t\t}\n\t\t\t#gallery-3 .gallery-caption {\n\t\t\t\tmargin-left: 0;\n\t\t\t}\n\t\t\t\/* see gallery_shortcode() in wp-includes\/media.php *\/\n\t\t<\/style>\n\t\t<div id='gallery-3' class='gallery galleryid-1744 gallery-columns-3 gallery-size-thumbnail'><dl class='gallery-item'>\n\t\t\t<dt class='gallery-icon landscape'>\n\t\t\t\t<a href='https:\/\/www.salaodesign.com.br\/es\/declaracion-ampliacion-en-la-liberacion-de-finalistas-premio-salao-design-2025-2\/4939-cadeira-aracari\/'><img loading=\"lazy\" decoding=\"async\" width=\"150\" height=\"150\" src=\"https:\/\/www.salaodesign.com.br\/es\/wp-content\/uploads\/2024\/09\/4939-Cadeira-Aracari-150x150.png\" class=\"attachment-thumbnail size-thumbnail\" alt=\"\" aria-describedby=\"gallery-3-1774\" srcset=\"https:\/\/www.salaodesign.com.br\/es\/wp-content\/uploads\/2024\/09\/4939-Cadeira-Aracari-150x150.png 150w, https:\/\/www.salaodesign.com.br\/es\/wp-content\/uploads\/2024\/09\/4939-Cadeira-Aracari-125x125.png 125w\" sizes=\"auto, (max-width: 150px) 100vw, 150px\" \/><\/a>\n\t\t\t<\/dt>\n\t\t\t\t<dd class='wp-caption-text gallery-caption' id='gallery-3-1774'>\n\t\t\t\t4939 &#8211; Cadeira Arac\u0327ari\n\t\t\t\t<\/dd><\/dl><dl class='gallery-item'>\n\t\t\t<dt class='gallery-icon landscape'>\n\t\t\t\t<a href='https:\/\/www.salaodesign.com.br\/es\/declaracion-ampliacion-en-la-liberacion-de-finalistas-premio-salao-design-2025-2\/4964-banquinho-suburbio\/'><img loading=\"lazy\" decoding=\"async\" width=\"150\" height=\"150\" src=\"https:\/\/www.salaodesign.com.br\/es\/wp-content\/uploads\/2024\/09\/4964-Banquinho-Suburbio-150x150.png\" class=\"attachment-thumbnail size-thumbnail\" alt=\"\" aria-describedby=\"gallery-3-1775\" srcset=\"https:\/\/www.salaodesign.com.br\/es\/wp-content\/uploads\/2024\/09\/4964-Banquinho-Suburbio-150x150.png 150w, https:\/\/www.salaodesign.com.br\/es\/wp-content\/uploads\/2024\/09\/4964-Banquinho-Suburbio-125x125.png 125w\" sizes=\"auto, (max-width: 150px) 100vw, 150px\" \/><\/a>\n\t\t\t<\/dt>\n\t\t\t\t<dd class='wp-caption-text gallery-caption' id='gallery-3-1775'>\n\t\t\t\t4964 &#8211; Banquinho Subu\u0301rbio\n\t\t\t\t<\/dd><\/dl><dl class='gallery-item'>\n\t\t\t<dt class='gallery-icon landscape'>\n\t\t\t\t<a href='https:\/\/www.salaodesign.com.br\/es\/declaracion-ampliacion-en-la-liberacion-de-finalistas-premio-salao-design-2025-2\/5015-banco-gurutubanos\/'><img loading=\"lazy\" decoding=\"async\" width=\"150\" height=\"150\" src=\"https:\/\/www.salaodesign.com.br\/es\/wp-content\/uploads\/2024\/09\/5015-Banco-Gurutubanos-150x150.png\" class=\"attachment-thumbnail size-thumbnail\" alt=\"\" aria-describedby=\"gallery-3-1776\" srcset=\"https:\/\/www.salaodesign.com.br\/es\/wp-content\/uploads\/2024\/09\/5015-Banco-Gurutubanos-150x150.png 150w, https:\/\/www.salaodesign.com.br\/es\/wp-content\/uploads\/2024\/09\/5015-Banco-Gurutubanos-125x125.png 125w\" sizes=\"auto, (max-width: 150px) 100vw, 150px\" \/><\/a>\n\t\t\t<\/dt>\n\t\t\t\t<dd class='wp-caption-text gallery-caption' id='gallery-3-1776'>\n\t\t\t\t5015 &#8211; Banco Gurutubanos\n\t\t\t\t<\/dd><\/dl><br style=\"clear: both\" \/><dl class='gallery-item'>\n\t\t\t<dt class='gallery-icon landscape'>\n\t\t\t\t<a href='https:\/\/www.salaodesign.com.br\/es\/declaracion-ampliacion-en-la-liberacion-de-finalistas-premio-salao-design-2025-2\/5282-banco-icones\/'><img loading=\"lazy\" decoding=\"async\" width=\"150\" height=\"150\" src=\"https:\/\/www.salaodesign.com.br\/es\/wp-content\/uploads\/2024\/09\/5282-Banco-Icones-150x150.png\" class=\"attachment-thumbnail size-thumbnail\" alt=\"\" aria-describedby=\"gallery-3-1777\" srcset=\"https:\/\/www.salaodesign.com.br\/es\/wp-content\/uploads\/2024\/09\/5282-Banco-Icones-150x150.png 150w, https:\/\/www.salaodesign.com.br\/es\/wp-content\/uploads\/2024\/09\/5282-Banco-Icones-125x125.png 125w\" sizes=\"auto, (max-width: 150px) 100vw, 150px\" \/><\/a>\n\t\t\t<\/dt>\n\t\t\t\t<dd class='wp-caption-text gallery-caption' id='gallery-3-1777'>\n\t\t\t\t5282 &#8211; Banco I\u0301cones\n\t\t\t\t<\/dd><\/dl><dl class='gallery-item'>\n\t\t\t<dt class='gallery-icon landscape'>\n\t\t\t\t<a href='https:\/\/www.salaodesign.com.br\/es\/declaracion-ampliacion-en-la-liberacion-de-finalistas-premio-salao-design-2025-2\/5325-poltrona-abapu\/'><img loading=\"lazy\" decoding=\"async\" width=\"150\" height=\"150\" src=\"https:\/\/www.salaodesign.com.br\/es\/wp-content\/uploads\/2024\/09\/5325-Poltrona-Abapu-150x150.png\" class=\"attachment-thumbnail size-thumbnail\" alt=\"\" aria-describedby=\"gallery-3-1778\" srcset=\"https:\/\/www.salaodesign.com.br\/es\/wp-content\/uploads\/2024\/09\/5325-Poltrona-Abapu-150x150.png 150w, https:\/\/www.salaodesign.com.br\/es\/wp-content\/uploads\/2024\/09\/5325-Poltrona-Abapu-125x125.png 125w\" sizes=\"auto, (max-width: 150px) 100vw, 150px\" \/><\/a>\n\t\t\t<\/dt>\n\t\t\t\t<dd class='wp-caption-text gallery-caption' id='gallery-3-1778'>\n\t\t\t\t5325 &#8211; Poltrona Abapu\u0301\n\t\t\t\t<\/dd><\/dl>\n\t\t\t<br style='clear: both' \/>\n\t\t<\/div>\n\n<p>&nbsp;<\/p>\n<h2><span style=\"font-size: 24pt;\"><strong>DESAF\u00cdO DE LA IDENTIDAD BRASILE\u00d1A 2025 &#8211; PROFESIONAL<\/strong><\/span><\/h2>\n\n\t\t<style type=\"text\/css\">\n\t\t\t#gallery-4 {\n\t\t\t\tmargin: auto;\n\t\t\t}\n\t\t\t#gallery-4 .gallery-item {\n\t\t\t\tfloat: left;\n\t\t\t\tmargin-top: 10px;\n\t\t\t\ttext-align: center;\n\t\t\t\twidth: 33%;\n\t\t\t}\n\t\t\t#gallery-4 img {\n\t\t\t\tborder: 2px solid #cfcfcf;\n\t\t\t}\n\t\t\t#gallery-4 .gallery-caption {\n\t\t\t\tmargin-left: 0;\n\t\t\t}\n\t\t\t\/* see gallery_shortcode() in wp-includes\/media.php *\/\n\t\t<\/style>\n\t\t<div id='gallery-4' class='gallery galleryid-1744 gallery-columns-3 gallery-size-thumbnail'><dl class='gallery-item'>\n\t\t\t<dt class='gallery-icon landscape'>\n\t\t\t\t<a href='https:\/\/www.salaodesign.com.br\/es\/declaracion-ampliacion-en-la-liberacion-de-finalistas-premio-salao-design-2025-2\/1906-mesa-de-apoio-atoto\/'><img loading=\"lazy\" decoding=\"async\" width=\"150\" height=\"150\" src=\"https:\/\/www.salaodesign.com.br\/es\/wp-content\/uploads\/2024\/09\/1906-Mesa-de-apoio-Atoto-150x150.png\" class=\"attachment-thumbnail size-thumbnail\" alt=\"\" aria-describedby=\"gallery-4-1779\" srcset=\"https:\/\/www.salaodesign.com.br\/es\/wp-content\/uploads\/2024\/09\/1906-Mesa-de-apoio-Atoto-150x150.png 150w, https:\/\/www.salaodesign.com.br\/es\/wp-content\/uploads\/2024\/09\/1906-Mesa-de-apoio-Atoto-125x125.png 125w\" sizes=\"auto, (max-width: 150px) 100vw, 150px\" \/><\/a>\n\t\t\t<\/dt>\n\t\t\t\t<dd class='wp-caption-text gallery-caption' id='gallery-4-1779'>\n\t\t\t\t1906 &#8211; Mesa de apoio Atoto\u0302\n\t\t\t\t<\/dd><\/dl><dl class='gallery-item'>\n\t\t\t<dt class='gallery-icon landscape'>\n\t\t\t\t<a href='https:\/\/www.salaodesign.com.br\/es\/declaracion-ampliacion-en-la-liberacion-de-finalistas-premio-salao-design-2025-2\/2335-poltrona-delicata\/'><img loading=\"lazy\" decoding=\"async\" width=\"150\" height=\"150\" src=\"https:\/\/www.salaodesign.com.br\/es\/wp-content\/uploads\/2024\/09\/2335-Poltrona-Delicata-150x150.png\" class=\"attachment-thumbnail size-thumbnail\" alt=\"\" aria-describedby=\"gallery-4-1780\" srcset=\"https:\/\/www.salaodesign.com.br\/es\/wp-content\/uploads\/2024\/09\/2335-Poltrona-Delicata-150x150.png 150w, https:\/\/www.salaodesign.com.br\/es\/wp-content\/uploads\/2024\/09\/2335-Poltrona-Delicata-125x125.png 125w\" sizes=\"auto, (max-width: 150px) 100vw, 150px\" \/><\/a>\n\t\t\t<\/dt>\n\t\t\t\t<dd class='wp-caption-text gallery-caption' id='gallery-4-1780'>\n\t\t\t\t2335 &#8211; Poltrona Delicata\n\t\t\t\t<\/dd><\/dl><dl class='gallery-item'>\n\t\t\t<dt class='gallery-icon landscape'>\n\t\t\t\t<a href='https:\/\/www.salaodesign.com.br\/es\/declaracion-ampliacion-en-la-liberacion-de-finalistas-premio-salao-design-2025-2\/2366-banco-iris\/'><img loading=\"lazy\" decoding=\"async\" width=\"150\" height=\"150\" src=\"https:\/\/www.salaodesign.com.br\/es\/wp-content\/uploads\/2024\/09\/2366-Banco-Iris-150x150.png\" class=\"attachment-thumbnail size-thumbnail\" alt=\"\" aria-describedby=\"gallery-4-1781\" srcset=\"https:\/\/www.salaodesign.com.br\/es\/wp-content\/uploads\/2024\/09\/2366-Banco-Iris-150x150.png 150w, https:\/\/www.salaodesign.com.br\/es\/wp-content\/uploads\/2024\/09\/2366-Banco-Iris-125x125.png 125w\" sizes=\"auto, (max-width: 150px) 100vw, 150px\" \/><\/a>\n\t\t\t<\/dt>\n\t\t\t\t<dd class='wp-caption-text gallery-caption' id='gallery-4-1781'>\n\t\t\t\t2366 &#8211; Banco I\u0301ris\n\t\t\t\t<\/dd><\/dl><br style=\"clear: both\" \/><dl class='gallery-item'>\n\t\t\t<dt class='gallery-icon landscape'>\n\t\t\t\t<a href='https:\/\/www.salaodesign.com.br\/es\/declaracion-ampliacion-en-la-liberacion-de-finalistas-premio-salao-design-2025-2\/2465-etos\/'><img loading=\"lazy\" decoding=\"async\" width=\"150\" height=\"150\" src=\"https:\/\/www.salaodesign.com.br\/es\/wp-content\/uploads\/2024\/09\/2465-Etos-150x150.png\" class=\"attachment-thumbnail size-thumbnail\" alt=\"\" aria-describedby=\"gallery-4-1782\" srcset=\"https:\/\/www.salaodesign.com.br\/es\/wp-content\/uploads\/2024\/09\/2465-Etos-150x150.png 150w, https:\/\/www.salaodesign.com.br\/es\/wp-content\/uploads\/2024\/09\/2465-Etos-125x125.png 125w\" sizes=\"auto, (max-width: 150px) 100vw, 150px\" \/><\/a>\n\t\t\t<\/dt>\n\t\t\t\t<dd class='wp-caption-text gallery-caption' id='gallery-4-1782'>\n\t\t\t\t2465 &#8211; Etos\n\t\t\t\t<\/dd><\/dl><dl class='gallery-item'>\n\t\t\t<dt class='gallery-icon landscape'>\n\t\t\t\t<a href='https:\/\/www.salaodesign.com.br\/es\/declaracion-ampliacion-en-la-liberacion-de-finalistas-premio-salao-design-2025-2\/2630-poltrona-bo\/'><img loading=\"lazy\" decoding=\"async\" width=\"150\" height=\"150\" src=\"https:\/\/www.salaodesign.com.br\/es\/wp-content\/uploads\/2024\/09\/2630-Poltrona-Bo-150x150.png\" class=\"attachment-thumbnail size-thumbnail\" alt=\"\" aria-describedby=\"gallery-4-1783\" srcset=\"https:\/\/www.salaodesign.com.br\/es\/wp-content\/uploads\/2024\/09\/2630-Poltrona-Bo-150x150.png 150w, https:\/\/www.salaodesign.com.br\/es\/wp-content\/uploads\/2024\/09\/2630-Poltrona-Bo-125x125.png 125w\" sizes=\"auto, (max-width: 150px) 100vw, 150px\" \/><\/a>\n\t\t\t<\/dt>\n\t\t\t\t<dd class='wp-caption-text gallery-caption' id='gallery-4-1783'>\n\t\t\t\t2630 &#8211; Poltrona Bo\n\t\t\t\t<\/dd><\/dl><dl class='gallery-item'>\n\t\t\t<dt class='gallery-icon landscape'>\n\t\t\t\t<a href='https:\/\/www.salaodesign.com.br\/es\/declaracion-ampliacion-en-la-liberacion-de-finalistas-premio-salao-design-2025-2\/2670-cadeira-bilro\/'><img loading=\"lazy\" decoding=\"async\" width=\"150\" height=\"150\" src=\"https:\/\/www.salaodesign.com.br\/es\/wp-content\/uploads\/2024\/09\/2670-Cadeira-Bilro-150x150.png\" class=\"attachment-thumbnail size-thumbnail\" alt=\"\" aria-describedby=\"gallery-4-1784\" srcset=\"https:\/\/www.salaodesign.com.br\/es\/wp-content\/uploads\/2024\/09\/2670-Cadeira-Bilro-150x150.png 150w, https:\/\/www.salaodesign.com.br\/es\/wp-content\/uploads\/2024\/09\/2670-Cadeira-Bilro-125x125.png 125w\" sizes=\"auto, (max-width: 150px) 100vw, 150px\" \/><\/a>\n\t\t\t<\/dt>\n\t\t\t\t<dd class='wp-caption-text gallery-caption' id='gallery-4-1784'>\n\t\t\t\t2670 &#8211; Cadeira Bilro\n\t\t\t\t<\/dd><\/dl><br style=\"clear: both\" \/><dl class='gallery-item'>\n\t\t\t<dt class='gallery-icon landscape'>\n\t\t\t\t<a href='https:\/\/www.salaodesign.com.br\/es\/declaracion-ampliacion-en-la-liberacion-de-finalistas-premio-salao-design-2025-2\/2896-banco-enxada-em-bronze\/'><img loading=\"lazy\" decoding=\"async\" width=\"150\" height=\"150\" src=\"https:\/\/www.salaodesign.com.br\/es\/wp-content\/uploads\/2024\/09\/2896-Banco-Enxada-em-bronze-150x150.png\" class=\"attachment-thumbnail size-thumbnail\" alt=\"\" aria-describedby=\"gallery-4-1785\" srcset=\"https:\/\/www.salaodesign.com.br\/es\/wp-content\/uploads\/2024\/09\/2896-Banco-Enxada-em-bronze-150x150.png 150w, https:\/\/www.salaodesign.com.br\/es\/wp-content\/uploads\/2024\/09\/2896-Banco-Enxada-em-bronze-125x125.png 125w\" sizes=\"auto, (max-width: 150px) 100vw, 150px\" \/><\/a>\n\t\t\t<\/dt>\n\t\t\t\t<dd class='wp-caption-text gallery-caption' id='gallery-4-1785'>\n\t\t\t\t2896 &#8211; Banco Enxada em bronze\n\t\t\t\t<\/dd><\/dl><dl class='gallery-item'>\n\t\t\t<dt class='gallery-icon landscape'>\n\t\t\t\t<a href='https:\/\/www.salaodesign.com.br\/es\/declaracion-ampliacion-en-la-liberacion-de-finalistas-premio-salao-design-2025-2\/3394-poltrona-poty\/'><img loading=\"lazy\" decoding=\"async\" width=\"150\" height=\"150\" src=\"https:\/\/www.salaodesign.com.br\/es\/wp-content\/uploads\/2024\/09\/3394-Poltrona-Poty-150x150.png\" class=\"attachment-thumbnail size-thumbnail\" alt=\"\" aria-describedby=\"gallery-4-1786\" srcset=\"https:\/\/www.salaodesign.com.br\/es\/wp-content\/uploads\/2024\/09\/3394-Poltrona-Poty-150x150.png 150w, https:\/\/www.salaodesign.com.br\/es\/wp-content\/uploads\/2024\/09\/3394-Poltrona-Poty-125x125.png 125w\" sizes=\"auto, (max-width: 150px) 100vw, 150px\" \/><\/a>\n\t\t\t<\/dt>\n\t\t\t\t<dd class='wp-caption-text gallery-caption' id='gallery-4-1786'>\n\t\t\t\t3394 &#8211; Poltrona Poty\n\t\t\t\t<\/dd><\/dl><dl class='gallery-item'>\n\t\t\t<dt class='gallery-icon landscape'>\n\t\t\t\t<a href='https:\/\/www.salaodesign.com.br\/es\/declaracion-ampliacion-en-la-liberacion-de-finalistas-premio-salao-design-2025-2\/3455-alquimia\/'><img loading=\"lazy\" decoding=\"async\" width=\"150\" height=\"150\" src=\"https:\/\/www.salaodesign.com.br\/es\/wp-content\/uploads\/2024\/09\/3455-Alquimia-150x150.png\" class=\"attachment-thumbnail size-thumbnail\" alt=\"\" aria-describedby=\"gallery-4-1787\" srcset=\"https:\/\/www.salaodesign.com.br\/es\/wp-content\/uploads\/2024\/09\/3455-Alquimia-150x150.png 150w, https:\/\/www.salaodesign.com.br\/es\/wp-content\/uploads\/2024\/09\/3455-Alquimia-125x125.png 125w\" sizes=\"auto, (max-width: 150px) 100vw, 150px\" \/><\/a>\n\t\t\t<\/dt>\n\t\t\t\t<dd class='wp-caption-text gallery-caption' id='gallery-4-1787'>\n\t\t\t\t3455 &#8211; Alquimia\n\t\t\t\t<\/dd><\/dl><br style=\"clear: both\" \/><dl class='gallery-item'>\n\t\t\t<dt class='gallery-icon landscape'>\n\t\t\t\t<a href='https:\/\/www.salaodesign.com.br\/es\/declaracion-ampliacion-en-la-liberacion-de-finalistas-premio-salao-design-2025-2\/3884-cadeira-prosa\/'><img loading=\"lazy\" decoding=\"async\" width=\"150\" height=\"150\" src=\"https:\/\/www.salaodesign.com.br\/es\/wp-content\/uploads\/2024\/09\/3884-Cadeira-Prosa-150x150.png\" class=\"attachment-thumbnail size-thumbnail\" alt=\"\" aria-describedby=\"gallery-4-1788\" srcset=\"https:\/\/www.salaodesign.com.br\/es\/wp-content\/uploads\/2024\/09\/3884-Cadeira-Prosa-150x150.png 150w, https:\/\/www.salaodesign.com.br\/es\/wp-content\/uploads\/2024\/09\/3884-Cadeira-Prosa-125x125.png 125w\" sizes=\"auto, (max-width: 150px) 100vw, 150px\" \/><\/a>\n\t\t\t<\/dt>\n\t\t\t\t<dd class='wp-caption-text gallery-caption' id='gallery-4-1788'>\n\t\t\t\t3884 &#8211; Cadeira Prosa\n\t\t\t\t<\/dd><\/dl><dl class='gallery-item'>\n\t\t\t<dt class='gallery-icon landscape'>\n\t\t\t\t<a href='https:\/\/www.salaodesign.com.br\/es\/declaracion-ampliacion-en-la-liberacion-de-finalistas-premio-salao-design-2025-2\/4313-banco-trevo\/'><img loading=\"lazy\" decoding=\"async\" width=\"150\" height=\"150\" src=\"https:\/\/www.salaodesign.com.br\/es\/wp-content\/uploads\/2024\/09\/4313-Banco-Trevo-150x150.png\" class=\"attachment-thumbnail size-thumbnail\" alt=\"\" aria-describedby=\"gallery-4-1789\" srcset=\"https:\/\/www.salaodesign.com.br\/es\/wp-content\/uploads\/2024\/09\/4313-Banco-Trevo-150x150.png 150w, https:\/\/www.salaodesign.com.br\/es\/wp-content\/uploads\/2024\/09\/4313-Banco-Trevo-125x125.png 125w\" sizes=\"auto, (max-width: 150px) 100vw, 150px\" \/><\/a>\n\t\t\t<\/dt>\n\t\t\t\t<dd class='wp-caption-text gallery-caption' id='gallery-4-1789'>\n\t\t\t\t4313 &#8211; Banco Trevo\n\t\t\t\t<\/dd><\/dl><dl class='gallery-item'>\n\t\t\t<dt class='gallery-icon landscape'>\n\t\t\t\t<a href='https:\/\/www.salaodesign.com.br\/es\/declaracion-ampliacion-en-la-liberacion-de-finalistas-premio-salao-design-2025-2\/4779-poltrona-joa\/'><img loading=\"lazy\" decoding=\"async\" width=\"150\" height=\"150\" src=\"https:\/\/www.salaodesign.com.br\/es\/wp-content\/uploads\/2024\/09\/4779-Poltrona-Joa-150x150.png\" class=\"attachment-thumbnail size-thumbnail\" alt=\"\" aria-describedby=\"gallery-4-1790\" srcset=\"https:\/\/www.salaodesign.com.br\/es\/wp-content\/uploads\/2024\/09\/4779-Poltrona-Joa-150x150.png 150w, https:\/\/www.salaodesign.com.br\/es\/wp-content\/uploads\/2024\/09\/4779-Poltrona-Joa-125x125.png 125w\" sizes=\"auto, (max-width: 150px) 100vw, 150px\" \/><\/a>\n\t\t\t<\/dt>\n\t\t\t\t<dd class='wp-caption-text gallery-caption' id='gallery-4-1790'>\n\t\t\t\t4779 &#8211; Poltrona Joa\n\t\t\t\t<\/dd><\/dl><br style=\"clear: both\" \/><dl class='gallery-item'>\n\t\t\t<dt class='gallery-icon landscape'>\n\t\t\t\t<a href='https:\/\/www.salaodesign.com.br\/es\/declaracion-ampliacion-en-la-liberacion-de-finalistas-premio-salao-design-2025-2\/4847-recamier-trenza\/'><img loading=\"lazy\" decoding=\"async\" width=\"150\" height=\"150\" src=\"https:\/\/www.salaodesign.com.br\/es\/wp-content\/uploads\/2024\/09\/4847-Recamier-Trenza-150x150.png\" class=\"attachment-thumbnail size-thumbnail\" alt=\"\" aria-describedby=\"gallery-4-1791\" srcset=\"https:\/\/www.salaodesign.com.br\/es\/wp-content\/uploads\/2024\/09\/4847-Recamier-Trenza-150x150.png 150w, https:\/\/www.salaodesign.com.br\/es\/wp-content\/uploads\/2024\/09\/4847-Recamier-Trenza-125x125.png 125w\" sizes=\"auto, (max-width: 150px) 100vw, 150px\" \/><\/a>\n\t\t\t<\/dt>\n\t\t\t\t<dd class='wp-caption-text gallery-caption' id='gallery-4-1791'>\n\t\t\t\t4847 &#8211; Recamier Trenza\n\t\t\t\t<\/dd><\/dl><dl class='gallery-item'>\n\t\t\t<dt class='gallery-icon landscape'>\n\t\t\t\t<a href='https:\/\/www.salaodesign.com.br\/es\/declaracion-ampliacion-en-la-liberacion-de-finalistas-premio-salao-design-2025-2\/4910-mesa-de-centro-meandros\/'><img loading=\"lazy\" decoding=\"async\" width=\"150\" height=\"150\" src=\"https:\/\/www.salaodesign.com.br\/es\/wp-content\/uploads\/2024\/09\/4910-Mesa-de-Centro-Meandros-150x150.png\" class=\"attachment-thumbnail size-thumbnail\" alt=\"\" aria-describedby=\"gallery-4-1792\" srcset=\"https:\/\/www.salaodesign.com.br\/es\/wp-content\/uploads\/2024\/09\/4910-Mesa-de-Centro-Meandros-150x150.png 150w, https:\/\/www.salaodesign.com.br\/es\/wp-content\/uploads\/2024\/09\/4910-Mesa-de-Centro-Meandros-125x125.png 125w\" sizes=\"auto, (max-width: 150px) 100vw, 150px\" \/><\/a>\n\t\t\t<\/dt>\n\t\t\t\t<dd class='wp-caption-text gallery-caption' id='gallery-4-1792'>\n\t\t\t\t4910 &#8211; Mesa de Centro Meandros\n\t\t\t\t<\/dd><\/dl><dl class='gallery-item'>\n\t\t\t<dt class='gallery-icon landscape'>\n\t\t\t\t<a href='https:\/\/www.salaodesign.com.br\/es\/declaracion-ampliacion-en-la-liberacion-de-finalistas-premio-salao-design-2025-2\/4933-poltrona-austral\/'><img loading=\"lazy\" decoding=\"async\" width=\"150\" height=\"150\" src=\"https:\/\/www.salaodesign.com.br\/es\/wp-content\/uploads\/2024\/09\/4933-Poltrona-Austral-150x150.png\" class=\"attachment-thumbnail size-thumbnail\" alt=\"\" aria-describedby=\"gallery-4-1793\" srcset=\"https:\/\/www.salaodesign.com.br\/es\/wp-content\/uploads\/2024\/09\/4933-Poltrona-Austral-150x150.png 150w, https:\/\/www.salaodesign.com.br\/es\/wp-content\/uploads\/2024\/09\/4933-Poltrona-Austral-125x125.png 125w\" sizes=\"auto, (max-width: 150px) 100vw, 150px\" \/><\/a>\n\t\t\t<\/dt>\n\t\t\t\t<dd class='wp-caption-text gallery-caption' id='gallery-4-1793'>\n\t\t\t\t4933 &#8211; Poltrona Austral\n\t\t\t\t<\/dd><\/dl><br style=\"clear: both\" \/><dl class='gallery-item'>\n\t\t\t<dt class='gallery-icon landscape'>\n\t\t\t\t<a href='https:\/\/www.salaodesign.com.br\/es\/declaracion-ampliacion-en-la-liberacion-de-finalistas-premio-salao-design-2025-2\/4934-banco-jeri\/'><img loading=\"lazy\" decoding=\"async\" width=\"150\" height=\"150\" src=\"https:\/\/www.salaodesign.com.br\/es\/wp-content\/uploads\/2024\/09\/4934-Banco-Jeri-150x150.png\" class=\"attachment-thumbnail size-thumbnail\" alt=\"\" aria-describedby=\"gallery-4-1794\" srcset=\"https:\/\/www.salaodesign.com.br\/es\/wp-content\/uploads\/2024\/09\/4934-Banco-Jeri-150x150.png 150w, https:\/\/www.salaodesign.com.br\/es\/wp-content\/uploads\/2024\/09\/4934-Banco-Jeri-125x125.png 125w\" sizes=\"auto, (max-width: 150px) 100vw, 150px\" \/><\/a>\n\t\t\t<\/dt>\n\t\t\t\t<dd class='wp-caption-text gallery-caption' id='gallery-4-1794'>\n\t\t\t\t4934 &#8211; Banco Jeri\n\t\t\t\t<\/dd><\/dl><dl class='gallery-item'>\n\t\t\t<dt class='gallery-icon landscape'>\n\t\t\t\t<a href='https:\/\/www.salaodesign.com.br\/es\/declaracion-ampliacion-en-la-liberacion-de-finalistas-premio-salao-design-2025-2\/4961-poltrona-muxa\/'><img loading=\"lazy\" decoding=\"async\" width=\"150\" height=\"150\" src=\"https:\/\/www.salaodesign.com.br\/es\/wp-content\/uploads\/2024\/09\/4961-Poltrona-Muxa-150x150.png\" class=\"attachment-thumbnail size-thumbnail\" alt=\"\" aria-describedby=\"gallery-4-1795\" srcset=\"https:\/\/www.salaodesign.com.br\/es\/wp-content\/uploads\/2024\/09\/4961-Poltrona-Muxa-150x150.png 150w, https:\/\/www.salaodesign.com.br\/es\/wp-content\/uploads\/2024\/09\/4961-Poltrona-Muxa-125x125.png 125w\" sizes=\"auto, (max-width: 150px) 100vw, 150px\" \/><\/a>\n\t\t\t<\/dt>\n\t\t\t\t<dd class='wp-caption-text gallery-caption' id='gallery-4-1795'>\n\t\t\t\t4961 &#8211; Poltrona Muxa\n\t\t\t\t<\/dd><\/dl><dl class='gallery-item'>\n\t\t\t<dt class='gallery-icon landscape'>\n\t\t\t\t<a href='https:\/\/www.salaodesign.com.br\/es\/declaracion-ampliacion-en-la-liberacion-de-finalistas-premio-salao-design-2025-2\/4962-mesa-de-jantar-muxa\/'><img loading=\"lazy\" decoding=\"async\" width=\"150\" height=\"150\" src=\"https:\/\/www.salaodesign.com.br\/es\/wp-content\/uploads\/2024\/09\/4962-Mesa-de-Jantar-Muxa-150x150.png\" class=\"attachment-thumbnail size-thumbnail\" alt=\"\" aria-describedby=\"gallery-4-1796\" srcset=\"https:\/\/www.salaodesign.com.br\/es\/wp-content\/uploads\/2024\/09\/4962-Mesa-de-Jantar-Muxa-150x150.png 150w, https:\/\/www.salaodesign.com.br\/es\/wp-content\/uploads\/2024\/09\/4962-Mesa-de-Jantar-Muxa-125x125.png 125w\" sizes=\"auto, (max-width: 150px) 100vw, 150px\" \/><\/a>\n\t\t\t<\/dt>\n\t\t\t\t<dd class='wp-caption-text gallery-caption' id='gallery-4-1796'>\n\t\t\t\t4962 &#8211; Mesa de Jantar Muxa\n\t\t\t\t<\/dd><\/dl><br style=\"clear: both\" \/><dl class='gallery-item'>\n\t\t\t<dt class='gallery-icon landscape'>\n\t\t\t\t<a href='https:\/\/www.salaodesign.com.br\/es\/declaracion-ampliacion-en-la-liberacion-de-finalistas-premio-salao-design-2025-2\/4971-mancebo-seringueira\/'><img loading=\"lazy\" decoding=\"async\" width=\"150\" height=\"150\" src=\"https:\/\/www.salaodesign.com.br\/es\/wp-content\/uploads\/2024\/09\/4971-Mancebo-Seringueira-150x150.png\" class=\"attachment-thumbnail size-thumbnail\" alt=\"\" aria-describedby=\"gallery-4-1797\" srcset=\"https:\/\/www.salaodesign.com.br\/es\/wp-content\/uploads\/2024\/09\/4971-Mancebo-Seringueira-150x150.png 150w, https:\/\/www.salaodesign.com.br\/es\/wp-content\/uploads\/2024\/09\/4971-Mancebo-Seringueira-125x125.png 125w\" sizes=\"auto, (max-width: 150px) 100vw, 150px\" \/><\/a>\n\t\t\t<\/dt>\n\t\t\t\t<dd class='wp-caption-text gallery-caption' id='gallery-4-1797'>\n\t\t\t\t4971 &#8211; Mancebo Seringueira\n\t\t\t\t<\/dd><\/dl><dl class='gallery-item'>\n\t\t\t<dt class='gallery-icon landscape'>\n\t\t\t\t<a href='https:\/\/www.salaodesign.com.br\/es\/declaracion-ampliacion-en-la-liberacion-de-finalistas-premio-salao-design-2025-2\/4982-banquinho-curupira\/'><img loading=\"lazy\" decoding=\"async\" width=\"150\" height=\"150\" src=\"https:\/\/www.salaodesign.com.br\/es\/wp-content\/uploads\/2024\/09\/4982-Banquinho-Curupira-150x150.png\" class=\"attachment-thumbnail size-thumbnail\" alt=\"\" aria-describedby=\"gallery-4-1798\" srcset=\"https:\/\/www.salaodesign.com.br\/es\/wp-content\/uploads\/2024\/09\/4982-Banquinho-Curupira-150x150.png 150w, https:\/\/www.salaodesign.com.br\/es\/wp-content\/uploads\/2024\/09\/4982-Banquinho-Curupira-125x125.png 125w\" sizes=\"auto, (max-width: 150px) 100vw, 150px\" \/><\/a>\n\t\t\t<\/dt>\n\t\t\t\t<dd class='wp-caption-text gallery-caption' id='gallery-4-1798'>\n\t\t\t\t4982 &#8211; Banquinho Curupira\n\t\t\t\t<\/dd><\/dl><dl class='gallery-item'>\n\t\t\t<dt class='gallery-icon landscape'>\n\t\t\t\t<a href='https:\/\/www.salaodesign.com.br\/es\/declaracion-ampliacion-en-la-liberacion-de-finalistas-premio-salao-design-2025-2\/4997-memoria-guarani\/'><img loading=\"lazy\" decoding=\"async\" width=\"150\" height=\"150\" src=\"https:\/\/www.salaodesign.com.br\/es\/wp-content\/uploads\/2024\/09\/4997-Memoria-Guarani-150x150.png\" class=\"attachment-thumbnail size-thumbnail\" alt=\"\" aria-describedby=\"gallery-4-1799\" srcset=\"https:\/\/www.salaodesign.com.br\/es\/wp-content\/uploads\/2024\/09\/4997-Memoria-Guarani-150x150.png 150w, https:\/\/www.salaodesign.com.br\/es\/wp-content\/uploads\/2024\/09\/4997-Memoria-Guarani-125x125.png 125w\" sizes=\"auto, (max-width: 150px) 100vw, 150px\" \/><\/a>\n\t\t\t<\/dt>\n\t\t\t\t<dd class='wp-caption-text gallery-caption' id='gallery-4-1799'>\n\t\t\t\t4997 &#8211; Memoria Guarani\n\t\t\t\t<\/dd><\/dl><br style=\"clear: both\" \/><dl class='gallery-item'>\n\t\t\t<dt class='gallery-icon landscape'>\n\t\t\t\t<a href='https:\/\/www.salaodesign.com.br\/es\/declaracion-ampliacion-en-la-liberacion-de-finalistas-premio-salao-design-2025-2\/5027-banco-ginete\/'><img loading=\"lazy\" decoding=\"async\" width=\"150\" height=\"150\" src=\"https:\/\/www.salaodesign.com.br\/es\/wp-content\/uploads\/2024\/09\/5027-Banco-Ginete-150x150.png\" class=\"attachment-thumbnail size-thumbnail\" alt=\"\" aria-describedby=\"gallery-4-1800\" srcset=\"https:\/\/www.salaodesign.com.br\/es\/wp-content\/uploads\/2024\/09\/5027-Banco-Ginete-150x150.png 150w, https:\/\/www.salaodesign.com.br\/es\/wp-content\/uploads\/2024\/09\/5027-Banco-Ginete-125x125.png 125w\" sizes=\"auto, (max-width: 150px) 100vw, 150px\" \/><\/a>\n\t\t\t<\/dt>\n\t\t\t\t<dd class='wp-caption-text gallery-caption' id='gallery-4-1800'>\n\t\t\t\t5027 &#8211; Banco Ginete\n\t\t\t\t<\/dd><\/dl><dl class='gallery-item'>\n\t\t\t<dt class='gallery-icon landscape'>\n\t\t\t\t<a href='https:\/\/www.salaodesign.com.br\/es\/declaracion-ampliacion-en-la-liberacion-de-finalistas-premio-salao-design-2025-2\/5085-cadeira-folha\/'><img loading=\"lazy\" decoding=\"async\" width=\"150\" height=\"150\" src=\"https:\/\/www.salaodesign.com.br\/es\/wp-content\/uploads\/2024\/09\/5085-Cadeira-Folha-150x150.png\" class=\"attachment-thumbnail size-thumbnail\" alt=\"\" aria-describedby=\"gallery-4-1801\" srcset=\"https:\/\/www.salaodesign.com.br\/es\/wp-content\/uploads\/2024\/09\/5085-Cadeira-Folha-150x150.png 150w, https:\/\/www.salaodesign.com.br\/es\/wp-content\/uploads\/2024\/09\/5085-Cadeira-Folha-125x125.png 125w\" sizes=\"auto, (max-width: 150px) 100vw, 150px\" \/><\/a>\n\t\t\t<\/dt>\n\t\t\t\t<dd class='wp-caption-text gallery-caption' id='gallery-4-1801'>\n\t\t\t\t5085 &#8211; Cadeira Folha\n\t\t\t\t<\/dd><\/dl><dl class='gallery-item'>\n\t\t\t<dt class='gallery-icon landscape'>\n\t\t\t\t<a href='https:\/\/www.salaodesign.com.br\/es\/declaracion-ampliacion-en-la-liberacion-de-finalistas-premio-salao-design-2025-2\/5099-mesas-joias-barrocas\/'><img loading=\"lazy\" decoding=\"async\" width=\"150\" height=\"150\" src=\"https:\/\/www.salaodesign.com.br\/es\/wp-content\/uploads\/2024\/09\/5099-Mesas-Joias-Barrocas-150x150.png\" class=\"attachment-thumbnail size-thumbnail\" alt=\"\" aria-describedby=\"gallery-4-1802\" srcset=\"https:\/\/www.salaodesign.com.br\/es\/wp-content\/uploads\/2024\/09\/5099-Mesas-Joias-Barrocas-150x150.png 150w, https:\/\/www.salaodesign.com.br\/es\/wp-content\/uploads\/2024\/09\/5099-Mesas-Joias-Barrocas-125x125.png 125w\" sizes=\"auto, (max-width: 150px) 100vw, 150px\" \/><\/a>\n\t\t\t<\/dt>\n\t\t\t\t<dd class='wp-caption-text gallery-caption' id='gallery-4-1802'>\n\t\t\t\t5099 &#8211; Mesas Joias Barrocas\n\t\t\t\t<\/dd><\/dl><br style=\"clear: both\" \/><dl class='gallery-item'>\n\t\t\t<dt class='gallery-icon landscape'>\n\t\t\t\t<a href='https:\/\/www.salaodesign.com.br\/es\/declaracion-ampliacion-en-la-liberacion-de-finalistas-premio-salao-design-2025-2\/5100-poltrona-cortinaria\/'><img loading=\"lazy\" decoding=\"async\" width=\"150\" height=\"150\" src=\"https:\/\/www.salaodesign.com.br\/es\/wp-content\/uploads\/2024\/09\/5100-Poltrona-Cortinaria-150x150.png\" class=\"attachment-thumbnail size-thumbnail\" alt=\"\" aria-describedby=\"gallery-4-1803\" srcset=\"https:\/\/www.salaodesign.com.br\/es\/wp-content\/uploads\/2024\/09\/5100-Poltrona-Cortinaria-150x150.png 150w, https:\/\/www.salaodesign.com.br\/es\/wp-content\/uploads\/2024\/09\/5100-Poltrona-Cortinaria-125x125.png 125w\" sizes=\"auto, (max-width: 150px) 100vw, 150px\" \/><\/a>\n\t\t\t<\/dt>\n\t\t\t\t<dd class='wp-caption-text gallery-caption' id='gallery-4-1803'>\n\t\t\t\t5100 &#8211; Poltrona Cortinaria\n\t\t\t\t<\/dd><\/dl><dl class='gallery-item'>\n\t\t\t<dt class='gallery-icon landscape'>\n\t\t\t\t<a href='https:\/\/www.salaodesign.com.br\/es\/declaracion-ampliacion-en-la-liberacion-de-finalistas-premio-salao-design-2025-2\/5107-mesas-fluid\/'><img loading=\"lazy\" decoding=\"async\" width=\"150\" height=\"150\" src=\"https:\/\/www.salaodesign.com.br\/es\/wp-content\/uploads\/2024\/09\/5107-Mesas-FLUID-150x150.png\" class=\"attachment-thumbnail size-thumbnail\" alt=\"\" aria-describedby=\"gallery-4-1804\" srcset=\"https:\/\/www.salaodesign.com.br\/es\/wp-content\/uploads\/2024\/09\/5107-Mesas-FLUID-150x150.png 150w, https:\/\/www.salaodesign.com.br\/es\/wp-content\/uploads\/2024\/09\/5107-Mesas-FLUID-125x125.png 125w\" sizes=\"auto, (max-width: 150px) 100vw, 150px\" \/><\/a>\n\t\t\t<\/dt>\n\t\t\t\t<dd class='wp-caption-text gallery-caption' id='gallery-4-1804'>\n\t\t\t\t5107 &#8211; Mesas FLUID\n\t\t\t\t<\/dd><\/dl><dl class='gallery-item'>\n\t\t\t<dt class='gallery-icon landscape'>\n\t\t\t\t<a href='https:\/\/www.salaodesign.com.br\/es\/declaracion-ampliacion-en-la-liberacion-de-finalistas-premio-salao-design-2025-2\/5139-poltrona-vele\/'><img loading=\"lazy\" decoding=\"async\" width=\"150\" height=\"150\" src=\"https:\/\/www.salaodesign.com.br\/es\/wp-content\/uploads\/2024\/09\/5139-Poltrona-Vele-150x150.png\" class=\"attachment-thumbnail size-thumbnail\" alt=\"\" aria-describedby=\"gallery-4-1805\" srcset=\"https:\/\/www.salaodesign.com.br\/es\/wp-content\/uploads\/2024\/09\/5139-Poltrona-Vele-150x150.png 150w, https:\/\/www.salaodesign.com.br\/es\/wp-content\/uploads\/2024\/09\/5139-Poltrona-Vele-125x125.png 125w\" sizes=\"auto, (max-width: 150px) 100vw, 150px\" \/><\/a>\n\t\t\t<\/dt>\n\t\t\t\t<dd class='wp-caption-text gallery-caption' id='gallery-4-1805'>\n\t\t\t\t5139 &#8211; Poltrona Vele\u0302\n\t\t\t\t<\/dd><\/dl><br style=\"clear: both\" \/><dl class='gallery-item'>\n\t\t\t<dt class='gallery-icon landscape'>\n\t\t\t\t<a href='https:\/\/www.salaodesign.com.br\/es\/declaracion-ampliacion-en-la-liberacion-de-finalistas-premio-salao-design-2025-2\/5163-poltron-fulao\/'><img loading=\"lazy\" decoding=\"async\" width=\"150\" height=\"150\" src=\"https:\/\/www.salaodesign.com.br\/es\/wp-content\/uploads\/2024\/09\/5163-Poltron-Fulao-150x150.png\" class=\"attachment-thumbnail size-thumbnail\" alt=\"\" aria-describedby=\"gallery-4-1806\" srcset=\"https:\/\/www.salaodesign.com.br\/es\/wp-content\/uploads\/2024\/09\/5163-Poltron-Fulao-150x150.png 150w, https:\/\/www.salaodesign.com.br\/es\/wp-content\/uploads\/2024\/09\/5163-Poltron-Fulao-125x125.png 125w\" sizes=\"auto, (max-width: 150px) 100vw, 150px\" \/><\/a>\n\t\t\t<\/dt>\n\t\t\t\t<dd class='wp-caption-text gallery-caption' id='gallery-4-1806'>\n\t\t\t\t5163 &#8211; Poltron Fula\u0303o\n\t\t\t\t<\/dd><\/dl><dl class='gallery-item'>\n\t\t\t<dt class='gallery-icon landscape'>\n\t\t\t\t<a href='https:\/\/www.salaodesign.com.br\/es\/declaracion-ampliacion-en-la-liberacion-de-finalistas-premio-salao-design-2025-2\/5171-poltrona-maria\/'><img loading=\"lazy\" decoding=\"async\" width=\"150\" height=\"150\" src=\"https:\/\/www.salaodesign.com.br\/es\/wp-content\/uploads\/2024\/09\/5171-Poltrona-Maria-150x150.png\" class=\"attachment-thumbnail size-thumbnail\" alt=\"\" aria-describedby=\"gallery-4-1807\" srcset=\"https:\/\/www.salaodesign.com.br\/es\/wp-content\/uploads\/2024\/09\/5171-Poltrona-Maria-150x150.png 150w, https:\/\/www.salaodesign.com.br\/es\/wp-content\/uploads\/2024\/09\/5171-Poltrona-Maria-125x125.png 125w\" sizes=\"auto, (max-width: 150px) 100vw, 150px\" \/><\/a>\n\t\t\t<\/dt>\n\t\t\t\t<dd class='wp-caption-text gallery-caption' id='gallery-4-1807'>\n\t\t\t\t5171 &#8211; Poltrona Maria\n\t\t\t\t<\/dd><\/dl><dl class='gallery-item'>\n\t\t\t<dt class='gallery-icon landscape'>\n\t\t\t\t<a href='https:\/\/www.salaodesign.com.br\/es\/declaracion-ampliacion-en-la-liberacion-de-finalistas-premio-salao-design-2025-2\/5192-mesinha-aranha\/'><img loading=\"lazy\" decoding=\"async\" width=\"150\" height=\"150\" src=\"https:\/\/www.salaodesign.com.br\/es\/wp-content\/uploads\/2024\/09\/5192-Mesinha-Aranha-150x150.png\" class=\"attachment-thumbnail size-thumbnail\" alt=\"\" aria-describedby=\"gallery-4-1808\" srcset=\"https:\/\/www.salaodesign.com.br\/es\/wp-content\/uploads\/2024\/09\/5192-Mesinha-Aranha-150x150.png 150w, https:\/\/www.salaodesign.com.br\/es\/wp-content\/uploads\/2024\/09\/5192-Mesinha-Aranha-125x125.png 125w\" sizes=\"auto, (max-width: 150px) 100vw, 150px\" \/><\/a>\n\t\t\t<\/dt>\n\t\t\t\t<dd class='wp-caption-text gallery-caption' id='gallery-4-1808'>\n\t\t\t\t5192 &#8211; Mesinha Aranha\n\t\t\t\t<\/dd><\/dl><br style=\"clear: both\" \/><dl class='gallery-item'>\n\t\t\t<dt class='gallery-icon landscape'>\n\t\t\t\t<a href='https:\/\/www.salaodesign.com.br\/es\/declaracion-ampliacion-en-la-liberacion-de-finalistas-premio-salao-design-2025-2\/5281-mesa-de-jantar-wed\/'><img loading=\"lazy\" decoding=\"async\" width=\"150\" height=\"150\" src=\"https:\/\/www.salaodesign.com.br\/es\/wp-content\/uploads\/2024\/09\/5281-Mesa-de-Jantar-Wed-150x150.png\" class=\"attachment-thumbnail size-thumbnail\" alt=\"\" aria-describedby=\"gallery-4-1809\" srcset=\"https:\/\/www.salaodesign.com.br\/es\/wp-content\/uploads\/2024\/09\/5281-Mesa-de-Jantar-Wed-150x150.png 150w, https:\/\/www.salaodesign.com.br\/es\/wp-content\/uploads\/2024\/09\/5281-Mesa-de-Jantar-Wed-125x125.png 125w\" sizes=\"auto, (max-width: 150px) 100vw, 150px\" \/><\/a>\n\t\t\t<\/dt>\n\t\t\t\t<dd class='wp-caption-text gallery-caption' id='gallery-4-1809'>\n\t\t\t\t5281 &#8211; Mesa de Jantar Wed\n\t\t\t\t<\/dd><\/dl><dl class='gallery-item'>\n\t\t\t<dt class='gallery-icon landscape'>\n\t\t\t\t<a href='https:\/\/www.salaodesign.com.br\/es\/declaracion-ampliacion-en-la-liberacion-de-finalistas-premio-salao-design-2025-2\/5294-colecao-caverna\/'><img loading=\"lazy\" decoding=\"async\" width=\"150\" height=\"150\" src=\"https:\/\/www.salaodesign.com.br\/es\/wp-content\/uploads\/2024\/09\/5294-Colecao-Caverna-150x150.png\" class=\"attachment-thumbnail size-thumbnail\" alt=\"\" aria-describedby=\"gallery-4-1810\" srcset=\"https:\/\/www.salaodesign.com.br\/es\/wp-content\/uploads\/2024\/09\/5294-Colecao-Caverna-150x150.png 150w, https:\/\/www.salaodesign.com.br\/es\/wp-content\/uploads\/2024\/09\/5294-Colecao-Caverna-125x125.png 125w\" sizes=\"auto, (max-width: 150px) 100vw, 150px\" \/><\/a>\n\t\t\t<\/dt>\n\t\t\t\t<dd class='wp-caption-text gallery-caption' id='gallery-4-1810'>\n\t\t\t\t5294 &#8211; Colec\u0327a\u0303o Caverna\n\t\t\t\t<\/dd><\/dl><dl class='gallery-item'>\n\t\t\t<dt class='gallery-icon landscape'>\n\t\t\t\t<a href='https:\/\/www.salaodesign.com.br\/es\/declaracion-ampliacion-en-la-liberacion-de-finalistas-premio-salao-design-2025-2\/5296-poltrona-tuca\/'><img loading=\"lazy\" decoding=\"async\" width=\"150\" height=\"150\" src=\"https:\/\/www.salaodesign.com.br\/es\/wp-content\/uploads\/2024\/09\/5296-Poltrona-Tuca-150x150.png\" class=\"attachment-thumbnail size-thumbnail\" alt=\"\" aria-describedby=\"gallery-4-1811\" srcset=\"https:\/\/www.salaodesign.com.br\/es\/wp-content\/uploads\/2024\/09\/5296-Poltrona-Tuca-150x150.png 150w, https:\/\/www.salaodesign.com.br\/es\/wp-content\/uploads\/2024\/09\/5296-Poltrona-Tuca-125x125.png 125w\" sizes=\"auto, (max-width: 150px) 100vw, 150px\" \/><\/a>\n\t\t\t<\/dt>\n\t\t\t\t<dd class='wp-caption-text gallery-caption' id='gallery-4-1811'>\n\t\t\t\t5296 &#8211; Poltrona Tuca\n\t\t\t\t<\/dd><\/dl><br style=\"clear: both\" \/><dl class='gallery-item'>\n\t\t\t<dt class='gallery-icon landscape'>\n\t\t\t\t<a href='https:\/\/www.salaodesign.com.br\/es\/declaracion-ampliacion-en-la-liberacion-de-finalistas-premio-salao-design-2025-2\/5402-naia-mesa-de-centro\/'><img loading=\"lazy\" decoding=\"async\" width=\"150\" height=\"150\" src=\"https:\/\/www.salaodesign.com.br\/es\/wp-content\/uploads\/2024\/09\/5402-Naia-Mesa-de-Centro-150x150.png\" class=\"attachment-thumbnail size-thumbnail\" alt=\"\" aria-describedby=\"gallery-4-1812\" srcset=\"https:\/\/www.salaodesign.com.br\/es\/wp-content\/uploads\/2024\/09\/5402-Naia-Mesa-de-Centro-150x150.png 150w, https:\/\/www.salaodesign.com.br\/es\/wp-content\/uploads\/2024\/09\/5402-Naia-Mesa-de-Centro-125x125.png 125w\" sizes=\"auto, (max-width: 150px) 100vw, 150px\" \/><\/a>\n\t\t\t<\/dt>\n\t\t\t\t<dd class='wp-caption-text gallery-caption' id='gallery-4-1812'>\n\t\t\t\t5402 &#8211; Naia\u0301 Mesa de Centro\n\t\t\t\t<\/dd><\/dl>\n\t\t\t<br style='clear: both' \/>\n\t\t<\/div>\n\n<p>&nbsp;<\/p>\n<h2><span style=\"font-size: 24pt;\"><strong>DESAF\u00cdO DEL USO DE PANEL &#8211; ESTUDIANTE<\/strong><\/span><\/h2>\n\n\t\t<style type=\"text\/css\">\n\t\t\t#gallery-5 {\n\t\t\t\tmargin: auto;\n\t\t\t}\n\t\t\t#gallery-5 .gallery-item {\n\t\t\t\tfloat: left;\n\t\t\t\tmargin-top: 10px;\n\t\t\t\ttext-align: center;\n\t\t\t\twidth: 33%;\n\t\t\t}\n\t\t\t#gallery-5 img {\n\t\t\t\tborder: 2px solid #cfcfcf;\n\t\t\t}\n\t\t\t#gallery-5 .gallery-caption {\n\t\t\t\tmargin-left: 0;\n\t\t\t}\n\t\t\t\/* see gallery_shortcode() in wp-includes\/media.php *\/\n\t\t<\/style>\n\t\t<div id='gallery-5' class='gallery galleryid-1744 gallery-columns-3 gallery-size-thumbnail'><dl class='gallery-item'>\n\t\t\t<dt class='gallery-icon landscape'>\n\t\t\t\t<a href='https:\/\/www.salaodesign.com.br\/es\/declaracion-ampliacion-en-la-liberacion-de-finalistas-premio-salao-design-2025-2\/4966-recriar-recompor-reconstruir\/'><img loading=\"lazy\" decoding=\"async\" width=\"150\" height=\"150\" src=\"https:\/\/www.salaodesign.com.br\/es\/wp-content\/uploads\/2024\/09\/4966-Recriar-Recompor-Reconstruir-150x150.png\" class=\"attachment-thumbnail size-thumbnail\" alt=\"\" aria-describedby=\"gallery-5-1814\" srcset=\"https:\/\/www.salaodesign.com.br\/es\/wp-content\/uploads\/2024\/09\/4966-Recriar-Recompor-Reconstruir-150x150.png 150w, https:\/\/www.salaodesign.com.br\/es\/wp-content\/uploads\/2024\/09\/4966-Recriar-Recompor-Reconstruir-125x125.png 125w\" sizes=\"auto, (max-width: 150px) 100vw, 150px\" \/><\/a>\n\t\t\t<\/dt>\n\t\t\t\t<dd class='wp-caption-text gallery-caption' id='gallery-5-1814'>\n\t\t\t\t4966 &#8211; Recriar, Recompor, Reconstruir\n\t\t\t\t<\/dd><\/dl><dl class='gallery-item'>\n\t\t\t<dt class='gallery-icon landscape'>\n\t\t\t\t<a href='https:\/\/www.salaodesign.com.br\/es\/declaracion-ampliacion-en-la-liberacion-de-finalistas-premio-salao-design-2025-2\/5320-banco-coletivo-feito-de-upcycling-de-mdf\/'><img loading=\"lazy\" decoding=\"async\" width=\"150\" height=\"150\" src=\"https:\/\/www.salaodesign.com.br\/es\/wp-content\/uploads\/2024\/09\/5320-Banco-Coletivo-Feito-de-Upcycling-de-MDF-150x150.png\" class=\"attachment-thumbnail size-thumbnail\" alt=\"\" aria-describedby=\"gallery-5-1815\" srcset=\"https:\/\/www.salaodesign.com.br\/es\/wp-content\/uploads\/2024\/09\/5320-Banco-Coletivo-Feito-de-Upcycling-de-MDF-150x150.png 150w, https:\/\/www.salaodesign.com.br\/es\/wp-content\/uploads\/2024\/09\/5320-Banco-Coletivo-Feito-de-Upcycling-de-MDF-125x125.png 125w\" sizes=\"auto, (max-width: 150px) 100vw, 150px\" \/><\/a>\n\t\t\t<\/dt>\n\t\t\t\t<dd class='wp-caption-text gallery-caption' id='gallery-5-1815'>\n\t\t\t\t5320 &#8211; Banco Coletivo Feito de Upcycling de MDF\n\t\t\t\t<\/dd><\/dl>\n\t\t\t<br style='clear: both' \/>\n\t\t<\/div>\n\n<p>&nbsp;<\/p>\n<h2><span style=\"font-size: 24pt;\"><strong>DESAF\u00cdO DEL USO DE PANEL &#8211; PROFESIONAL<\/strong><\/span><\/h2>\n\n\t\t<style type=\"text\/css\">\n\t\t\t#gallery-6 {\n\t\t\t\tmargin: auto;\n\t\t\t}\n\t\t\t#gallery-6 .gallery-item {\n\t\t\t\tfloat: left;\n\t\t\t\tmargin-top: 10px;\n\t\t\t\ttext-align: center;\n\t\t\t\twidth: 33%;\n\t\t\t}\n\t\t\t#gallery-6 img {\n\t\t\t\tborder: 2px solid #cfcfcf;\n\t\t\t}\n\t\t\t#gallery-6 .gallery-caption {\n\t\t\t\tmargin-left: 0;\n\t\t\t}\n\t\t\t\/* see gallery_shortcode() in wp-includes\/media.php *\/\n\t\t<\/style>\n\t\t<div id='gallery-6' class='gallery galleryid-1744 gallery-columns-3 gallery-size-thumbnail'><dl class='gallery-item'>\n\t\t\t<dt class='gallery-icon landscape'>\n\t\t\t\t<a href='https:\/\/www.salaodesign.com.br\/es\/declaracion-ampliacion-en-la-liberacion-de-finalistas-premio-salao-design-2025-2\/3818-banco-colmeia\/'><img loading=\"lazy\" decoding=\"async\" width=\"150\" height=\"150\" src=\"https:\/\/www.salaodesign.com.br\/es\/wp-content\/uploads\/2024\/09\/3818-Banco-Colmeia-150x150.png\" class=\"attachment-thumbnail size-thumbnail\" alt=\"\" aria-describedby=\"gallery-6-1816\" srcset=\"https:\/\/www.salaodesign.com.br\/es\/wp-content\/uploads\/2024\/09\/3818-Banco-Colmeia-150x150.png 150w, https:\/\/www.salaodesign.com.br\/es\/wp-content\/uploads\/2024\/09\/3818-Banco-Colmeia-125x125.png 125w\" sizes=\"auto, (max-width: 150px) 100vw, 150px\" \/><\/a>\n\t\t\t<\/dt>\n\t\t\t\t<dd class='wp-caption-text gallery-caption' id='gallery-6-1816'>\n\t\t\t\t3818 &#8211; Banco Colmeia\n\t\t\t\t<\/dd><\/dl><dl class='gallery-item'>\n\t\t\t<dt class='gallery-icon landscape'>\n\t\t\t\t<a href='https:\/\/www.salaodesign.com.br\/es\/declaracion-ampliacion-en-la-liberacion-de-finalistas-premio-salao-design-2025-2\/3819-siple_sillita-plegable\/'><img loading=\"lazy\" decoding=\"async\" width=\"150\" height=\"150\" src=\"https:\/\/www.salaodesign.com.br\/es\/wp-content\/uploads\/2024\/09\/3819-Siple_Sillita-Plegable-150x150.png\" class=\"attachment-thumbnail size-thumbnail\" alt=\"\" aria-describedby=\"gallery-6-1817\" srcset=\"https:\/\/www.salaodesign.com.br\/es\/wp-content\/uploads\/2024\/09\/3819-Siple_Sillita-Plegable-150x150.png 150w, https:\/\/www.salaodesign.com.br\/es\/wp-content\/uploads\/2024\/09\/3819-Siple_Sillita-Plegable-125x125.png 125w\" sizes=\"auto, (max-width: 150px) 100vw, 150px\" \/><\/a>\n\t\t\t<\/dt>\n\t\t\t\t<dd class='wp-caption-text gallery-caption' id='gallery-6-1817'>\n\t\t\t\t3819 &#8211; Siple_Sillita Plegable\n\t\t\t\t<\/dd><\/dl><dl class='gallery-item'>\n\t\t\t<dt class='gallery-icon landscape'>\n\t\t\t\t<a href='https:\/\/www.salaodesign.com.br\/es\/declaracion-ampliacion-en-la-liberacion-de-finalistas-premio-salao-design-2025-2\/5156-kit-casa-completa-em-uma-chapa\/'><img loading=\"lazy\" decoding=\"async\" width=\"150\" height=\"150\" src=\"https:\/\/www.salaodesign.com.br\/es\/wp-content\/uploads\/2024\/09\/5156-Kit-Casa-Completa-em-uma-chapa-150x150.png\" class=\"attachment-thumbnail size-thumbnail\" alt=\"\" aria-describedby=\"gallery-6-1818\" srcset=\"https:\/\/www.salaodesign.com.br\/es\/wp-content\/uploads\/2024\/09\/5156-Kit-Casa-Completa-em-uma-chapa-150x150.png 150w, https:\/\/www.salaodesign.com.br\/es\/wp-content\/uploads\/2024\/09\/5156-Kit-Casa-Completa-em-uma-chapa-125x125.png 125w\" sizes=\"auto, (max-width: 150px) 100vw, 150px\" \/><\/a>\n\t\t\t<\/dt>\n\t\t\t\t<dd class='wp-caption-text gallery-caption' id='gallery-6-1818'>\n\t\t\t\t5156 &#8211; Kit Casa Completa (em uma chapa)\n\t\t\t\t<\/dd><\/dl><br style=\"clear: both\" \/><dl class='gallery-item'>\n\t\t\t<dt class='gallery-icon landscape'>\n\t\t\t\t<a href='https:\/\/www.salaodesign.com.br\/es\/declaracion-ampliacion-en-la-liberacion-de-finalistas-premio-salao-design-2025-2\/5162-poltrona-maraa\/'><img loading=\"lazy\" decoding=\"async\" width=\"150\" height=\"150\" src=\"https:\/\/www.salaodesign.com.br\/es\/wp-content\/uploads\/2024\/09\/5162-Poltrona-Maraa-150x150.png\" class=\"attachment-thumbnail size-thumbnail\" alt=\"\" aria-describedby=\"gallery-6-1819\" srcset=\"https:\/\/www.salaodesign.com.br\/es\/wp-content\/uploads\/2024\/09\/5162-Poltrona-Maraa-150x150.png 150w, https:\/\/www.salaodesign.com.br\/es\/wp-content\/uploads\/2024\/09\/5162-Poltrona-Maraa-125x125.png 125w\" sizes=\"auto, (max-width: 150px) 100vw, 150px\" \/><\/a>\n\t\t\t<\/dt>\n\t\t\t\t<dd class='wp-caption-text gallery-caption' id='gallery-6-1819'>\n\t\t\t\t5162 &#8211; Poltrona Maraa\u0303\n\t\t\t\t<\/dd><\/dl><dl class='gallery-item'>\n\t\t\t<dt class='gallery-icon landscape'>\n\t\t\t\t<a href='https:\/\/www.salaodesign.com.br\/es\/declaracion-ampliacion-en-la-liberacion-de-finalistas-premio-salao-design-2025-2\/5223-balance\/'><img loading=\"lazy\" decoding=\"async\" width=\"150\" height=\"150\" src=\"https:\/\/www.salaodesign.com.br\/es\/wp-content\/uploads\/2024\/09\/5223-Balance-150x150.png\" class=\"attachment-thumbnail size-thumbnail\" alt=\"\" aria-describedby=\"gallery-6-1820\" srcset=\"https:\/\/www.salaodesign.com.br\/es\/wp-content\/uploads\/2024\/09\/5223-Balance-150x150.png 150w, https:\/\/www.salaodesign.com.br\/es\/wp-content\/uploads\/2024\/09\/5223-Balance-125x125.png 125w\" sizes=\"auto, (max-width: 150px) 100vw, 150px\" \/><\/a>\n\t\t\t<\/dt>\n\t\t\t\t<dd class='wp-caption-text gallery-caption' id='gallery-6-1820'>\n\t\t\t\t5223 &#8211; Balance\n\t\t\t\t<\/dd><\/dl>\n\t\t\t<br style='clear: both' \/>\n\t\t<\/div>\n\n<p>&nbsp;<\/p>\n<h2><span style=\"font-size: 24pt;\"><strong>DESAF\u00cdO DE LA TECNOLOG\u00cdA EMPOTRADA &#8211; ESTUDIANTE<\/strong><\/span><\/h2>\n\n\t\t<style type=\"text\/css\">\n\t\t\t#gallery-7 {\n\t\t\t\tmargin: auto;\n\t\t\t}\n\t\t\t#gallery-7 .gallery-item {\n\t\t\t\tfloat: left;\n\t\t\t\tmargin-top: 10px;\n\t\t\t\ttext-align: center;\n\t\t\t\twidth: 33%;\n\t\t\t}\n\t\t\t#gallery-7 img {\n\t\t\t\tborder: 2px solid #cfcfcf;\n\t\t\t}\n\t\t\t#gallery-7 .gallery-caption {\n\t\t\t\tmargin-left: 0;\n\t\t\t}\n\t\t\t\/* see gallery_shortcode() in wp-includes\/media.php *\/\n\t\t<\/style>\n\t\t<div id='gallery-7' class='gallery galleryid-1744 gallery-columns-3 gallery-size-thumbnail'><dl class='gallery-item'>\n\t\t\t<dt class='gallery-icon landscape'>\n\t\t\t\t<a href='https:\/\/www.salaodesign.com.br\/es\/declaracion-ampliacion-en-la-liberacion-de-finalistas-premio-salao-design-2025-2\/5034-cantin\/'><img loading=\"lazy\" decoding=\"async\" width=\"150\" height=\"150\" src=\"https:\/\/www.salaodesign.com.br\/es\/wp-content\/uploads\/2024\/09\/5034-Cantin-150x150.png\" class=\"attachment-thumbnail size-thumbnail\" alt=\"\" aria-describedby=\"gallery-7-1822\" srcset=\"https:\/\/www.salaodesign.com.br\/es\/wp-content\/uploads\/2024\/09\/5034-Cantin-150x150.png 150w, https:\/\/www.salaodesign.com.br\/es\/wp-content\/uploads\/2024\/09\/5034-Cantin-125x125.png 125w\" sizes=\"auto, (max-width: 150px) 100vw, 150px\" \/><\/a>\n\t\t\t<\/dt>\n\t\t\t\t<dd class='wp-caption-text gallery-caption' id='gallery-7-1822'>\n\t\t\t\t5034 &#8211; Cantin\n\t\t\t\t<\/dd><\/dl><dl class='gallery-item'>\n\t\t\t<dt class='gallery-icon landscape'>\n\t\t\t\t<a href='https:\/\/www.salaodesign.com.br\/es\/declaracion-ampliacion-en-la-liberacion-de-finalistas-premio-salao-design-2025-2\/5259-banquinho-de-agitacao\/'><img loading=\"lazy\" decoding=\"async\" width=\"150\" height=\"150\" src=\"https:\/\/www.salaodesign.com.br\/es\/wp-content\/uploads\/2024\/09\/5259-Banquinho-de-Agitacao-150x150.png\" class=\"attachment-thumbnail size-thumbnail\" alt=\"\" aria-describedby=\"gallery-7-1823\" srcset=\"https:\/\/www.salaodesign.com.br\/es\/wp-content\/uploads\/2024\/09\/5259-Banquinho-de-Agitacao-150x150.png 150w, https:\/\/www.salaodesign.com.br\/es\/wp-content\/uploads\/2024\/09\/5259-Banquinho-de-Agitacao-125x125.png 125w\" sizes=\"auto, (max-width: 150px) 100vw, 150px\" \/><\/a>\n\t\t\t<\/dt>\n\t\t\t\t<dd class='wp-caption-text gallery-caption' id='gallery-7-1823'>\n\t\t\t\t5259 &#8211; Banquinho de Agitac\u0327a\u0303o\n\t\t\t\t<\/dd><\/dl>\n\t\t\t<br style='clear: both' \/>\n\t\t<\/div>\n\n<p>&nbsp;<\/p>\n<h2><span style=\"font-size: 24pt;\"><strong>DESAF\u00cdO DE LA TECNOLOG\u00cdA EMPOTRADA &#8211; PROFESIONAL<\/strong><\/span><\/h2>\n\n\t\t<style type=\"text\/css\">\n\t\t\t#gallery-8 {\n\t\t\t\tmargin: auto;\n\t\t\t}\n\t\t\t#gallery-8 .gallery-item {\n\t\t\t\tfloat: left;\n\t\t\t\tmargin-top: 10px;\n\t\t\t\ttext-align: center;\n\t\t\t\twidth: 33%;\n\t\t\t}\n\t\t\t#gallery-8 img {\n\t\t\t\tborder: 2px solid #cfcfcf;\n\t\t\t}\n\t\t\t#gallery-8 .gallery-caption {\n\t\t\t\tmargin-left: 0;\n\t\t\t}\n\t\t\t\/* see gallery_shortcode() in wp-includes\/media.php *\/\n\t\t<\/style>\n\t\t<div id='gallery-8' class='gallery galleryid-1744 gallery-columns-3 gallery-size-thumbnail'><dl class='gallery-item'>\n\t\t\t<dt class='gallery-icon landscape'>\n\t\t\t\t<a href='https:\/\/www.salaodesign.com.br\/es\/declaracion-ampliacion-en-la-liberacion-de-finalistas-premio-salao-design-2025-2\/2564-banco-chopin\/'><img loading=\"lazy\" decoding=\"async\" width=\"150\" height=\"150\" src=\"https:\/\/www.salaodesign.com.br\/es\/wp-content\/uploads\/2024\/09\/2564-Banco-Chopin-150x150.png\" class=\"attachment-thumbnail size-thumbnail\" alt=\"\" aria-describedby=\"gallery-8-1824\" srcset=\"https:\/\/www.salaodesign.com.br\/es\/wp-content\/uploads\/2024\/09\/2564-Banco-Chopin-150x150.png 150w, https:\/\/www.salaodesign.com.br\/es\/wp-content\/uploads\/2024\/09\/2564-Banco-Chopin-125x125.png 125w\" sizes=\"auto, (max-width: 150px) 100vw, 150px\" \/><\/a>\n\t\t\t<\/dt>\n\t\t\t\t<dd class='wp-caption-text gallery-caption' id='gallery-8-1824'>\n\t\t\t\t2564 &#8211; Banco Chopin\n\t\t\t\t<\/dd><\/dl><dl class='gallery-item'>\n\t\t\t<dt class='gallery-icon landscape'>\n\t\t\t\t<a href='https:\/\/www.salaodesign.com.br\/es\/declaracion-ampliacion-en-la-liberacion-de-finalistas-premio-salao-design-2025-2\/2696-banco-corais-de-matisse\/'><img loading=\"lazy\" decoding=\"async\" width=\"150\" height=\"150\" src=\"https:\/\/www.salaodesign.com.br\/es\/wp-content\/uploads\/2024\/09\/2696-Banco-Corais-de-Matisse-150x150.png\" class=\"attachment-thumbnail size-thumbnail\" alt=\"\" aria-describedby=\"gallery-8-1825\" srcset=\"https:\/\/www.salaodesign.com.br\/es\/wp-content\/uploads\/2024\/09\/2696-Banco-Corais-de-Matisse-150x150.png 150w, https:\/\/www.salaodesign.com.br\/es\/wp-content\/uploads\/2024\/09\/2696-Banco-Corais-de-Matisse-125x125.png 125w\" sizes=\"auto, (max-width: 150px) 100vw, 150px\" \/><\/a>\n\t\t\t<\/dt>\n\t\t\t\t<dd class='wp-caption-text gallery-caption' id='gallery-8-1825'>\n\t\t\t\t2696 &#8211; Banco Corais de Matisse\n\t\t\t\t<\/dd><\/dl><dl class='gallery-item'>\n\t\t\t<dt class='gallery-icon landscape'>\n\t\t\t\t<a href='https:\/\/www.salaodesign.com.br\/es\/declaracion-ampliacion-en-la-liberacion-de-finalistas-premio-salao-design-2025-2\/2729-mesa-de-centro-corais-de-matisse\/'><img loading=\"lazy\" decoding=\"async\" width=\"150\" height=\"150\" src=\"https:\/\/www.salaodesign.com.br\/es\/wp-content\/uploads\/2024\/09\/2729-Mesa-de-Centro-Corais-de-Matisse-150x150.png\" class=\"attachment-thumbnail size-thumbnail\" alt=\"\" aria-describedby=\"gallery-8-1826\" srcset=\"https:\/\/www.salaodesign.com.br\/es\/wp-content\/uploads\/2024\/09\/2729-Mesa-de-Centro-Corais-de-Matisse-150x150.png 150w, https:\/\/www.salaodesign.com.br\/es\/wp-content\/uploads\/2024\/09\/2729-Mesa-de-Centro-Corais-de-Matisse-125x125.png 125w\" sizes=\"auto, (max-width: 150px) 100vw, 150px\" \/><\/a>\n\t\t\t<\/dt>\n\t\t\t\t<dd class='wp-caption-text gallery-caption' id='gallery-8-1826'>\n\t\t\t\t2729 &#8211; Mesa de Centro Corais de Matisse\n\t\t\t\t<\/dd><\/dl><br style=\"clear: both\" \/><dl class='gallery-item'>\n\t\t\t<dt class='gallery-icon landscape'>\n\t\t\t\t<a href='https:\/\/www.salaodesign.com.br\/es\/declaracion-ampliacion-en-la-liberacion-de-finalistas-premio-salao-design-2025-2\/2862-poltrona-terra\/'><img loading=\"lazy\" decoding=\"async\" width=\"150\" height=\"150\" src=\"https:\/\/www.salaodesign.com.br\/es\/wp-content\/uploads\/2024\/09\/2862-Poltrona-Terra-150x150.png\" class=\"attachment-thumbnail size-thumbnail\" alt=\"\" aria-describedby=\"gallery-8-1827\" srcset=\"https:\/\/www.salaodesign.com.br\/es\/wp-content\/uploads\/2024\/09\/2862-Poltrona-Terra-150x150.png 150w, https:\/\/www.salaodesign.com.br\/es\/wp-content\/uploads\/2024\/09\/2862-Poltrona-Terra-125x125.png 125w\" sizes=\"auto, (max-width: 150px) 100vw, 150px\" \/><\/a>\n\t\t\t<\/dt>\n\t\t\t\t<dd class='wp-caption-text gallery-caption' id='gallery-8-1827'>\n\t\t\t\t2862 &#8211; Poltrona Terra\n\t\t\t\t<\/dd><\/dl><dl class='gallery-item'>\n\t\t\t<dt class='gallery-icon landscape'>\n\t\t\t\t<a href='https:\/\/www.salaodesign.com.br\/es\/declaracion-ampliacion-en-la-liberacion-de-finalistas-premio-salao-design-2025-2\/3290-banco-folha\/'><img loading=\"lazy\" decoding=\"async\" width=\"150\" height=\"150\" src=\"https:\/\/www.salaodesign.com.br\/es\/wp-content\/uploads\/2024\/09\/3290-Banco-Folha-150x150.png\" class=\"attachment-thumbnail size-thumbnail\" alt=\"\" aria-describedby=\"gallery-8-1828\" srcset=\"https:\/\/www.salaodesign.com.br\/es\/wp-content\/uploads\/2024\/09\/3290-Banco-Folha-150x150.png 150w, https:\/\/www.salaodesign.com.br\/es\/wp-content\/uploads\/2024\/09\/3290-Banco-Folha-125x125.png 125w\" sizes=\"auto, (max-width: 150px) 100vw, 150px\" \/><\/a>\n\t\t\t<\/dt>\n\t\t\t\t<dd class='wp-caption-text gallery-caption' id='gallery-8-1828'>\n\t\t\t\t3290 &#8211; Banco Folha\n\t\t\t\t<\/dd><\/dl><dl class='gallery-item'>\n\t\t\t<dt class='gallery-icon landscape'>\n\t\t\t\t<a href='https:\/\/www.salaodesign.com.br\/es\/declaracion-ampliacion-en-la-liberacion-de-finalistas-premio-salao-design-2025-2\/3463-welle\/'><img loading=\"lazy\" decoding=\"async\" width=\"150\" height=\"150\" src=\"https:\/\/www.salaodesign.com.br\/es\/wp-content\/uploads\/2024\/09\/3463-Welle-150x150.png\" class=\"attachment-thumbnail size-thumbnail\" alt=\"\" aria-describedby=\"gallery-8-1829\" srcset=\"https:\/\/www.salaodesign.com.br\/es\/wp-content\/uploads\/2024\/09\/3463-Welle-150x150.png 150w, https:\/\/www.salaodesign.com.br\/es\/wp-content\/uploads\/2024\/09\/3463-Welle-125x125.png 125w\" sizes=\"auto, (max-width: 150px) 100vw, 150px\" \/><\/a>\n\t\t\t<\/dt>\n\t\t\t\t<dd class='wp-caption-text gallery-caption' id='gallery-8-1829'>\n\t\t\t\t3463 &#8211; Welle\n\t\t\t\t<\/dd><\/dl><br style=\"clear: both\" \/><dl class='gallery-item'>\n\t\t\t<dt class='gallery-icon landscape'>\n\t\t\t\t<a href='https:\/\/www.salaodesign.com.br\/es\/declaracion-ampliacion-en-la-liberacion-de-finalistas-premio-salao-design-2025-2\/4777-banco-guapo\/'><img loading=\"lazy\" decoding=\"async\" width=\"150\" height=\"150\" src=\"https:\/\/www.salaodesign.com.br\/es\/wp-content\/uploads\/2024\/09\/4777-Banco-Guapo-150x150.png\" class=\"attachment-thumbnail size-thumbnail\" alt=\"\" aria-describedby=\"gallery-8-1830\" srcset=\"https:\/\/www.salaodesign.com.br\/es\/wp-content\/uploads\/2024\/09\/4777-Banco-Guapo-150x150.png 150w, https:\/\/www.salaodesign.com.br\/es\/wp-content\/uploads\/2024\/09\/4777-Banco-Guapo-125x125.png 125w\" sizes=\"auto, (max-width: 150px) 100vw, 150px\" \/><\/a>\n\t\t\t<\/dt>\n\t\t\t\t<dd class='wp-caption-text gallery-caption' id='gallery-8-1830'>\n\t\t\t\t4777 &#8211; Banco Guapo\n\t\t\t\t<\/dd><\/dl><dl class='gallery-item'>\n\t\t\t<dt class='gallery-icon landscape'>\n\t\t\t\t<a href='https:\/\/www.salaodesign.com.br\/es\/declaracion-ampliacion-en-la-liberacion-de-finalistas-premio-salao-design-2025-2\/5044-banco-gruta\/'><img loading=\"lazy\" decoding=\"async\" width=\"150\" height=\"150\" src=\"https:\/\/www.salaodesign.com.br\/es\/wp-content\/uploads\/2024\/09\/5044-Banco-GRUTA-150x150.png\" class=\"attachment-thumbnail size-thumbnail\" alt=\"\" aria-describedby=\"gallery-8-1831\" srcset=\"https:\/\/www.salaodesign.com.br\/es\/wp-content\/uploads\/2024\/09\/5044-Banco-GRUTA-150x150.png 150w, https:\/\/www.salaodesign.com.br\/es\/wp-content\/uploads\/2024\/09\/5044-Banco-GRUTA-125x125.png 125w\" sizes=\"auto, (max-width: 150px) 100vw, 150px\" \/><\/a>\n\t\t\t<\/dt>\n\t\t\t\t<dd class='wp-caption-text gallery-caption' id='gallery-8-1831'>\n\t\t\t\t5044 &#8211; Banco GRUTA\n\t\t\t\t<\/dd><\/dl><dl class='gallery-item'>\n\t\t\t<dt class='gallery-icon landscape'>\n\t\t\t\t<a href='https:\/\/www.salaodesign.com.br\/es\/declaracion-ampliacion-en-la-liberacion-de-finalistas-premio-salao-design-2025-2\/5372-nunox\/'><img loading=\"lazy\" decoding=\"async\" width=\"150\" height=\"150\" src=\"https:\/\/www.salaodesign.com.br\/es\/wp-content\/uploads\/2024\/09\/5372-Nunox-150x150.png\" class=\"attachment-thumbnail size-thumbnail\" alt=\"\" aria-describedby=\"gallery-8-1832\" srcset=\"https:\/\/www.salaodesign.com.br\/es\/wp-content\/uploads\/2024\/09\/5372-Nunox-150x150.png 150w, https:\/\/www.salaodesign.com.br\/es\/wp-content\/uploads\/2024\/09\/5372-Nunox-125x125.png 125w\" sizes=\"auto, (max-width: 150px) 100vw, 150px\" \/><\/a>\n\t\t\t<\/dt>\n\t\t\t\t<dd class='wp-caption-text gallery-caption' id='gallery-8-1832'>\n\t\t\t\t5372 &#8211; Nunox\n\t\t\t\t<\/dd><\/dl><br style=\"clear: both\" \/>\n\t\t<\/div>\n\n<p>&nbsp;<\/p>\n<h2><span style=\"font-size: 24pt;\"><strong>DESAF\u00cdO DE LAS EXPERIENCIAS POSITIVAS &#8211; ESTUDIANTE<\/strong><\/span><\/h2>\n\n\t\t<style type=\"text\/css\">\n\t\t\t#gallery-9 {\n\t\t\t\tmargin: auto;\n\t\t\t}\n\t\t\t#gallery-9 .gallery-item {\n\t\t\t\tfloat: left;\n\t\t\t\tmargin-top: 10px;\n\t\t\t\ttext-align: center;\n\t\t\t\twidth: 33%;\n\t\t\t}\n\t\t\t#gallery-9 img {\n\t\t\t\tborder: 2px solid #cfcfcf;\n\t\t\t}\n\t\t\t#gallery-9 .gallery-caption {\n\t\t\t\tmargin-left: 0;\n\t\t\t}\n\t\t\t\/* see gallery_shortcode() in wp-includes\/media.php *\/\n\t\t<\/style>\n\t\t<div id='gallery-9' class='gallery galleryid-1744 gallery-columns-3 gallery-size-thumbnail'><dl class='gallery-item'>\n\t\t\t<dt class='gallery-icon landscape'>\n\t\t\t\t<a href='https:\/\/www.salaodesign.com.br\/es\/declaracion-ampliacion-en-la-liberacion-de-finalistas-premio-salao-design-2025-2\/3983-cadeira-aura\/'><img loading=\"lazy\" decoding=\"async\" width=\"150\" height=\"150\" src=\"https:\/\/www.salaodesign.com.br\/es\/wp-content\/uploads\/2024\/09\/3983-Cadeira-AURA-150x150.png\" class=\"attachment-thumbnail size-thumbnail\" alt=\"\" aria-describedby=\"gallery-9-1833\" srcset=\"https:\/\/www.salaodesign.com.br\/es\/wp-content\/uploads\/2024\/09\/3983-Cadeira-AURA-150x150.png 150w, https:\/\/www.salaodesign.com.br\/es\/wp-content\/uploads\/2024\/09\/3983-Cadeira-AURA-125x125.png 125w\" sizes=\"auto, (max-width: 150px) 100vw, 150px\" \/><\/a>\n\t\t\t<\/dt>\n\t\t\t\t<dd class='wp-caption-text gallery-caption' id='gallery-9-1833'>\n\t\t\t\t3983 &#8211; Cadeira AURA\n\t\t\t\t<\/dd><\/dl><dl class='gallery-item'>\n\t\t\t<dt class='gallery-icon landscape'>\n\t\t\t\t<a href='https:\/\/www.salaodesign.com.br\/es\/declaracion-ampliacion-en-la-liberacion-de-finalistas-premio-salao-design-2025-2\/4115-balcao-terroir\/'><img loading=\"lazy\" decoding=\"async\" width=\"150\" height=\"150\" src=\"https:\/\/www.salaodesign.com.br\/es\/wp-content\/uploads\/2024\/09\/4115-Balcao-Terroir-150x150.png\" class=\"attachment-thumbnail size-thumbnail\" alt=\"\" aria-describedby=\"gallery-9-1834\" srcset=\"https:\/\/www.salaodesign.com.br\/es\/wp-content\/uploads\/2024\/09\/4115-Balcao-Terroir-150x150.png 150w, https:\/\/www.salaodesign.com.br\/es\/wp-content\/uploads\/2024\/09\/4115-Balcao-Terroir-125x125.png 125w\" sizes=\"auto, (max-width: 150px) 100vw, 150px\" \/><\/a>\n\t\t\t<\/dt>\n\t\t\t\t<dd class='wp-caption-text gallery-caption' id='gallery-9-1834'>\n\t\t\t\t4115 &#8211; Balca\u0303o Terroir\n\t\t\t\t<\/dd><\/dl><dl class='gallery-item'>\n\t\t\t<dt class='gallery-icon landscape'>\n\t\t\t\t<a href='https:\/\/www.salaodesign.com.br\/es\/declaracion-ampliacion-en-la-liberacion-de-finalistas-premio-salao-design-2025-2\/4412-poltrona-tertulia\/'><img loading=\"lazy\" decoding=\"async\" width=\"150\" height=\"150\" src=\"https:\/\/www.salaodesign.com.br\/es\/wp-content\/uploads\/2024\/09\/4412-Poltrona-Tertulia-150x150.png\" class=\"attachment-thumbnail size-thumbnail\" alt=\"\" aria-describedby=\"gallery-9-1835\" srcset=\"https:\/\/www.salaodesign.com.br\/es\/wp-content\/uploads\/2024\/09\/4412-Poltrona-Tertulia-150x150.png 150w, https:\/\/www.salaodesign.com.br\/es\/wp-content\/uploads\/2024\/09\/4412-Poltrona-Tertulia-125x125.png 125w\" sizes=\"auto, (max-width: 150px) 100vw, 150px\" \/><\/a>\n\t\t\t<\/dt>\n\t\t\t\t<dd class='wp-caption-text gallery-caption' id='gallery-9-1835'>\n\t\t\t\t4412 &#8211; Poltrona Tertu\u0301lia\n\t\t\t\t<\/dd><\/dl><br style=\"clear: both\" \/><dl class='gallery-item'>\n\t\t\t<dt class='gallery-icon landscape'>\n\t\t\t\t<a href='https:\/\/www.salaodesign.com.br\/es\/declaracion-ampliacion-en-la-liberacion-de-finalistas-premio-salao-design-2025-2\/4643-sillon-capullo\/'><img loading=\"lazy\" decoding=\"async\" width=\"150\" height=\"150\" src=\"https:\/\/www.salaodesign.com.br\/es\/wp-content\/uploads\/2024\/09\/4643-Sillon-Capullo-150x150.png\" class=\"attachment-thumbnail size-thumbnail\" alt=\"\" aria-describedby=\"gallery-9-1836\" srcset=\"https:\/\/www.salaodesign.com.br\/es\/wp-content\/uploads\/2024\/09\/4643-Sillon-Capullo-150x150.png 150w, https:\/\/www.salaodesign.com.br\/es\/wp-content\/uploads\/2024\/09\/4643-Sillon-Capullo-125x125.png 125w\" sizes=\"auto, (max-width: 150px) 100vw, 150px\" \/><\/a>\n\t\t\t<\/dt>\n\t\t\t\t<dd class='wp-caption-text gallery-caption' id='gallery-9-1836'>\n\t\t\t\t4643 &#8211; Sillon Capullo\n\t\t\t\t<\/dd><\/dl><dl class='gallery-item'>\n\t\t\t<dt class='gallery-icon landscape'>\n\t\t\t\t<a href='https:\/\/www.salaodesign.com.br\/es\/declaracion-ampliacion-en-la-liberacion-de-finalistas-premio-salao-design-2025-2\/5079-bar-falesias\/'><img loading=\"lazy\" decoding=\"async\" width=\"150\" height=\"150\" src=\"https:\/\/www.salaodesign.com.br\/es\/wp-content\/uploads\/2024\/09\/5079-Bar-Falesias-150x150.png\" class=\"attachment-thumbnail size-thumbnail\" alt=\"\" aria-describedby=\"gallery-9-1837\" srcset=\"https:\/\/www.salaodesign.com.br\/es\/wp-content\/uploads\/2024\/09\/5079-Bar-Falesias-150x150.png 150w, https:\/\/www.salaodesign.com.br\/es\/wp-content\/uploads\/2024\/09\/5079-Bar-Falesias-125x125.png 125w\" sizes=\"auto, (max-width: 150px) 100vw, 150px\" \/><\/a>\n\t\t\t<\/dt>\n\t\t\t\t<dd class='wp-caption-text gallery-caption' id='gallery-9-1837'>\n\t\t\t\t5079 &#8211; Bar Fale\u0301sias\n\t\t\t\t<\/dd><\/dl><dl class='gallery-item'>\n\t\t\t<dt class='gallery-icon landscape'>\n\t\t\t\t<a href='https:\/\/www.salaodesign.com.br\/es\/declaracion-ampliacion-en-la-liberacion-de-finalistas-premio-salao-design-2025-2\/5326-silhouette\/'><img loading=\"lazy\" decoding=\"async\" width=\"150\" height=\"150\" src=\"https:\/\/www.salaodesign.com.br\/es\/wp-content\/uploads\/2024\/09\/5326-Silhouette-150x150.png\" class=\"attachment-thumbnail size-thumbnail\" alt=\"\" aria-describedby=\"gallery-9-1838\" srcset=\"https:\/\/www.salaodesign.com.br\/es\/wp-content\/uploads\/2024\/09\/5326-Silhouette-150x150.png 150w, https:\/\/www.salaodesign.com.br\/es\/wp-content\/uploads\/2024\/09\/5326-Silhouette-125x125.png 125w\" sizes=\"auto, (max-width: 150px) 100vw, 150px\" \/><\/a>\n\t\t\t<\/dt>\n\t\t\t\t<dd class='wp-caption-text gallery-caption' id='gallery-9-1838'>\n\t\t\t\t5326 &#8211; Silhouette\n\t\t\t\t<\/dd><\/dl><br style=\"clear: both\" \/><dl class='gallery-item'>\n\t\t\t<dt class='gallery-icon landscape'>\n\t\t\t\t<a href='https:\/\/www.salaodesign.com.br\/es\/declaracion-ampliacion-en-la-liberacion-de-finalistas-premio-salao-design-2025-2\/5393-boo-lounge\/'><img loading=\"lazy\" decoding=\"async\" width=\"150\" height=\"150\" src=\"https:\/\/www.salaodesign.com.br\/es\/wp-content\/uploads\/2024\/09\/5393-Boo-Lounge-150x150.png\" class=\"attachment-thumbnail size-thumbnail\" alt=\"\" aria-describedby=\"gallery-9-1839\" srcset=\"https:\/\/www.salaodesign.com.br\/es\/wp-content\/uploads\/2024\/09\/5393-Boo-Lounge-150x150.png 150w, https:\/\/www.salaodesign.com.br\/es\/wp-content\/uploads\/2024\/09\/5393-Boo-Lounge-125x125.png 125w\" sizes=\"auto, (max-width: 150px) 100vw, 150px\" \/><\/a>\n\t\t\t<\/dt>\n\t\t\t\t<dd class='wp-caption-text gallery-caption' id='gallery-9-1839'>\n\t\t\t\t5393 &#8211; Boo-Lounge\n\t\t\t\t<\/dd><\/dl>\n\t\t\t<br style='clear: both' \/>\n\t\t<\/div>\n\n<p>&nbsp;<\/p>\n<h2><span style=\"font-size: 24pt;\"><strong>DESAF\u00cdO DE LAS EXPERIENCIAS POSITIVAS &#8211; PROFESIONAL<\/strong><\/span><\/h2>\n\n\t\t<style type=\"text\/css\">\n\t\t\t#gallery-10 {\n\t\t\t\tmargin: auto;\n\t\t\t}\n\t\t\t#gallery-10 .gallery-item {\n\t\t\t\tfloat: left;\n\t\t\t\tmargin-top: 10px;\n\t\t\t\ttext-align: center;\n\t\t\t\twidth: 33%;\n\t\t\t}\n\t\t\t#gallery-10 img {\n\t\t\t\tborder: 2px solid #cfcfcf;\n\t\t\t}\n\t\t\t#gallery-10 .gallery-caption {\n\t\t\t\tmargin-left: 0;\n\t\t\t}\n\t\t\t\/* see gallery_shortcode() in wp-includes\/media.php *\/\n\t\t<\/style>\n\t\t<div id='gallery-10' class='gallery galleryid-1744 gallery-columns-3 gallery-size-thumbnail'><dl class='gallery-item'>\n\t\t\t<dt class='gallery-icon landscape'>\n\t\t\t\t<a href='https:\/\/www.salaodesign.com.br\/es\/declaracion-ampliacion-en-la-liberacion-de-finalistas-premio-salao-design-2025-2\/2267-viravolta\/'><img loading=\"lazy\" decoding=\"async\" width=\"150\" height=\"150\" src=\"https:\/\/www.salaodesign.com.br\/es\/wp-content\/uploads\/2024\/09\/2267-Viravolta-150x150.png\" class=\"attachment-thumbnail size-thumbnail\" alt=\"\" aria-describedby=\"gallery-10-1841\" srcset=\"https:\/\/www.salaodesign.com.br\/es\/wp-content\/uploads\/2024\/09\/2267-Viravolta-150x150.png 150w, https:\/\/www.salaodesign.com.br\/es\/wp-content\/uploads\/2024\/09\/2267-Viravolta-125x125.png 125w\" sizes=\"auto, (max-width: 150px) 100vw, 150px\" \/><\/a>\n\t\t\t<\/dt>\n\t\t\t\t<dd class='wp-caption-text gallery-caption' id='gallery-10-1841'>\n\t\t\t\t2267 &#8211; Viravolta\n\t\t\t\t<\/dd><\/dl><dl class='gallery-item'>\n\t\t\t<dt class='gallery-icon landscape'>\n\t\t\t\t<a href='https:\/\/www.salaodesign.com.br\/es\/declaracion-ampliacion-en-la-liberacion-de-finalistas-premio-salao-design-2025-2\/3158-cama-cabana\/'><img loading=\"lazy\" decoding=\"async\" width=\"150\" height=\"150\" src=\"https:\/\/www.salaodesign.com.br\/es\/wp-content\/uploads\/2024\/09\/3158-Cama-CabanA-150x150.png\" class=\"attachment-thumbnail size-thumbnail\" alt=\"\" aria-describedby=\"gallery-10-1842\" srcset=\"https:\/\/www.salaodesign.com.br\/es\/wp-content\/uploads\/2024\/09\/3158-Cama-CabanA-150x150.png 150w, https:\/\/www.salaodesign.com.br\/es\/wp-content\/uploads\/2024\/09\/3158-Cama-CabanA-125x125.png 125w\" sizes=\"auto, (max-width: 150px) 100vw, 150px\" \/><\/a>\n\t\t\t<\/dt>\n\t\t\t\t<dd class='wp-caption-text gallery-caption' id='gallery-10-1842'>\n\t\t\t\t3158 &#8211; Cama CabanA\u0301\n\t\t\t\t<\/dd><\/dl><dl class='gallery-item'>\n\t\t\t<dt class='gallery-icon landscape'>\n\t\t\t\t<a href='https:\/\/www.salaodesign.com.br\/es\/declaracion-ampliacion-en-la-liberacion-de-finalistas-premio-salao-design-2025-2\/3192-pacha\/'><img loading=\"lazy\" decoding=\"async\" width=\"150\" height=\"150\" src=\"https:\/\/www.salaodesign.com.br\/es\/wp-content\/uploads\/2024\/09\/3192-PACHA-150x150.png\" class=\"attachment-thumbnail size-thumbnail\" alt=\"\" aria-describedby=\"gallery-10-1843\" srcset=\"https:\/\/www.salaodesign.com.br\/es\/wp-content\/uploads\/2024\/09\/3192-PACHA-150x150.png 150w, https:\/\/www.salaodesign.com.br\/es\/wp-content\/uploads\/2024\/09\/3192-PACHA-125x125.png 125w\" sizes=\"auto, (max-width: 150px) 100vw, 150px\" \/><\/a>\n\t\t\t<\/dt>\n\t\t\t\t<dd class='wp-caption-text gallery-caption' id='gallery-10-1843'>\n\t\t\t\t3192 &#8211; PACHA\n\t\t\t\t<\/dd><\/dl><br style=\"clear: both\" \/><dl class='gallery-item'>\n\t\t\t<dt class='gallery-icon landscape'>\n\t\t\t\t<a href='https:\/\/www.salaodesign.com.br\/es\/declaracion-ampliacion-en-la-liberacion-de-finalistas-premio-salao-design-2025-2\/3257-sofa-friends\/'><img loading=\"lazy\" decoding=\"async\" width=\"150\" height=\"150\" src=\"https:\/\/www.salaodesign.com.br\/es\/wp-content\/uploads\/2024\/09\/3257-Sofa-Friends-150x150.png\" class=\"attachment-thumbnail size-thumbnail\" alt=\"\" aria-describedby=\"gallery-10-1844\" srcset=\"https:\/\/www.salaodesign.com.br\/es\/wp-content\/uploads\/2024\/09\/3257-Sofa-Friends-150x150.png 150w, https:\/\/www.salaodesign.com.br\/es\/wp-content\/uploads\/2024\/09\/3257-Sofa-Friends-125x125.png 125w\" sizes=\"auto, (max-width: 150px) 100vw, 150px\" \/><\/a>\n\t\t\t<\/dt>\n\t\t\t\t<dd class='wp-caption-text gallery-caption' id='gallery-10-1844'>\n\t\t\t\t3257 &#8211; Sofa\u0301 Friends\n\t\t\t\t<\/dd><\/dl><dl class='gallery-item'>\n\t\t\t<dt class='gallery-icon landscape'>\n\t\t\t\t<a href='https:\/\/www.salaodesign.com.br\/es\/declaracion-ampliacion-en-la-liberacion-de-finalistas-premio-salao-design-2025-2\/3462-cogu\/'><img loading=\"lazy\" decoding=\"async\" width=\"150\" height=\"150\" src=\"https:\/\/www.salaodesign.com.br\/es\/wp-content\/uploads\/2024\/09\/3462-Cogu-150x150.png\" class=\"attachment-thumbnail size-thumbnail\" alt=\"\" aria-describedby=\"gallery-10-1845\" srcset=\"https:\/\/www.salaodesign.com.br\/es\/wp-content\/uploads\/2024\/09\/3462-Cogu-150x150.png 150w, https:\/\/www.salaodesign.com.br\/es\/wp-content\/uploads\/2024\/09\/3462-Cogu-125x125.png 125w\" sizes=\"auto, (max-width: 150px) 100vw, 150px\" \/><\/a>\n\t\t\t<\/dt>\n\t\t\t\t<dd class='wp-caption-text gallery-caption' id='gallery-10-1845'>\n\t\t\t\t3462 &#8211; Cogu\n\t\t\t\t<\/dd><\/dl><dl class='gallery-item'>\n\t\t\t<dt class='gallery-icon landscape'>\n\t\t\t\t<a href='https:\/\/www.salaodesign.com.br\/es\/declaracion-ampliacion-en-la-liberacion-de-finalistas-premio-salao-design-2025-2\/3791-poltrona-luar\/'><img loading=\"lazy\" decoding=\"async\" width=\"150\" height=\"150\" src=\"https:\/\/www.salaodesign.com.br\/es\/wp-content\/uploads\/2024\/09\/3791-Poltrona-Luar-150x150.png\" class=\"attachment-thumbnail size-thumbnail\" alt=\"\" aria-describedby=\"gallery-10-1846\" srcset=\"https:\/\/www.salaodesign.com.br\/es\/wp-content\/uploads\/2024\/09\/3791-Poltrona-Luar-150x150.png 150w, https:\/\/www.salaodesign.com.br\/es\/wp-content\/uploads\/2024\/09\/3791-Poltrona-Luar-125x125.png 125w\" sizes=\"auto, (max-width: 150px) 100vw, 150px\" \/><\/a>\n\t\t\t<\/dt>\n\t\t\t\t<dd class='wp-caption-text gallery-caption' id='gallery-10-1846'>\n\t\t\t\t3791 &#8211; Poltrona Luar\n\t\t\t\t<\/dd><\/dl><br style=\"clear: both\" \/><dl class='gallery-item'>\n\t\t\t<dt class='gallery-icon landscape'>\n\t\t\t\t<a href='https:\/\/www.salaodesign.com.br\/es\/declaracion-ampliacion-en-la-liberacion-de-finalistas-premio-salao-design-2025-2\/3950-poltrona-de-balanco-rockin\/'><img loading=\"lazy\" decoding=\"async\" width=\"150\" height=\"150\" src=\"https:\/\/www.salaodesign.com.br\/es\/wp-content\/uploads\/2024\/09\/3950-Poltrona-de-balanco-ROCKIN-150x150.png\" class=\"attachment-thumbnail size-thumbnail\" alt=\"\" aria-describedby=\"gallery-10-1847\" srcset=\"https:\/\/www.salaodesign.com.br\/es\/wp-content\/uploads\/2024\/09\/3950-Poltrona-de-balanco-ROCKIN-150x150.png 150w, https:\/\/www.salaodesign.com.br\/es\/wp-content\/uploads\/2024\/09\/3950-Poltrona-de-balanco-ROCKIN-125x125.png 125w\" sizes=\"auto, (max-width: 150px) 100vw, 150px\" \/><\/a>\n\t\t\t<\/dt>\n\t\t\t\t<dd class='wp-caption-text gallery-caption' id='gallery-10-1847'>\n\t\t\t\t3950 &#8211; Poltrona de balanco ROCKIN\n\t\t\t\t<\/dd><\/dl><dl class='gallery-item'>\n\t\t\t<dt class='gallery-icon landscape'>\n\t\t\t\t<a href='https:\/\/www.salaodesign.com.br\/es\/declaracion-ampliacion-en-la-liberacion-de-finalistas-premio-salao-design-2025-2\/4445-cadeira-monstrin\/'><img loading=\"lazy\" decoding=\"async\" width=\"150\" height=\"150\" src=\"https:\/\/www.salaodesign.com.br\/es\/wp-content\/uploads\/2024\/09\/4445-Cadeira-Monstrin-150x150.png\" class=\"attachment-thumbnail size-thumbnail\" alt=\"\" aria-describedby=\"gallery-10-1848\" srcset=\"https:\/\/www.salaodesign.com.br\/es\/wp-content\/uploads\/2024\/09\/4445-Cadeira-Monstrin-150x150.png 150w, https:\/\/www.salaodesign.com.br\/es\/wp-content\/uploads\/2024\/09\/4445-Cadeira-Monstrin-125x125.png 125w\" sizes=\"auto, (max-width: 150px) 100vw, 150px\" \/><\/a>\n\t\t\t<\/dt>\n\t\t\t\t<dd class='wp-caption-text gallery-caption' id='gallery-10-1848'>\n\t\t\t\t4445 &#8211; Cadeira Monstrin\n\t\t\t\t<\/dd><\/dl><dl class='gallery-item'>\n\t\t\t<dt class='gallery-icon landscape'>\n\t\t\t\t<a href='https:\/\/www.salaodesign.com.br\/es\/declaracion-ampliacion-en-la-liberacion-de-finalistas-premio-salao-design-2025-2\/4921-poltrona-arborea\/'><img loading=\"lazy\" decoding=\"async\" width=\"150\" height=\"150\" src=\"https:\/\/www.salaodesign.com.br\/es\/wp-content\/uploads\/2024\/09\/4921-Poltrona-Arborea-150x150.png\" class=\"attachment-thumbnail size-thumbnail\" alt=\"\" aria-describedby=\"gallery-10-1849\" srcset=\"https:\/\/www.salaodesign.com.br\/es\/wp-content\/uploads\/2024\/09\/4921-Poltrona-Arborea-150x150.png 150w, https:\/\/www.salaodesign.com.br\/es\/wp-content\/uploads\/2024\/09\/4921-Poltrona-Arborea-125x125.png 125w\" sizes=\"auto, (max-width: 150px) 100vw, 150px\" \/><\/a>\n\t\t\t<\/dt>\n\t\t\t\t<dd class='wp-caption-text gallery-caption' id='gallery-10-1849'>\n\t\t\t\t4921 &#8211; Poltrona Arbo\u0301rea\n\t\t\t\t<\/dd><\/dl><br style=\"clear: both\" \/><dl class='gallery-item'>\n\t\t\t<dt class='gallery-icon landscape'>\n\t\t\t\t<a href='https:\/\/www.salaodesign.com.br\/es\/declaracion-ampliacion-en-la-liberacion-de-finalistas-premio-salao-design-2025-2\/4925-cadeira-melina\/'><img loading=\"lazy\" decoding=\"async\" width=\"150\" height=\"150\" src=\"https:\/\/www.salaodesign.com.br\/es\/wp-content\/uploads\/2024\/09\/4925-Cadeira-Melina-150x150.png\" class=\"attachment-thumbnail size-thumbnail\" alt=\"\" aria-describedby=\"gallery-10-1850\" srcset=\"https:\/\/www.salaodesign.com.br\/es\/wp-content\/uploads\/2024\/09\/4925-Cadeira-Melina-150x150.png 150w, https:\/\/www.salaodesign.com.br\/es\/wp-content\/uploads\/2024\/09\/4925-Cadeira-Melina-125x125.png 125w\" sizes=\"auto, (max-width: 150px) 100vw, 150px\" \/><\/a>\n\t\t\t<\/dt>\n\t\t\t\t<dd class='wp-caption-text gallery-caption' id='gallery-10-1850'>\n\t\t\t\t4925 &#8211; Cadeira Melina\n\t\t\t\t<\/dd><\/dl><dl class='gallery-item'>\n\t\t\t<dt class='gallery-icon landscape'>\n\t\t\t\t<a href='https:\/\/www.salaodesign.com.br\/es\/declaracion-ampliacion-en-la-liberacion-de-finalistas-premio-salao-design-2025-2\/4970-poltrona-trenta\/'><img loading=\"lazy\" decoding=\"async\" width=\"150\" height=\"150\" src=\"https:\/\/www.salaodesign.com.br\/es\/wp-content\/uploads\/2024\/09\/4970-Poltrona-Trenta-150x150.png\" class=\"attachment-thumbnail size-thumbnail\" alt=\"\" aria-describedby=\"gallery-10-1851\" srcset=\"https:\/\/www.salaodesign.com.br\/es\/wp-content\/uploads\/2024\/09\/4970-Poltrona-Trenta-150x150.png 150w, https:\/\/www.salaodesign.com.br\/es\/wp-content\/uploads\/2024\/09\/4970-Poltrona-Trenta-125x125.png 125w\" sizes=\"auto, (max-width: 150px) 100vw, 150px\" \/><\/a>\n\t\t\t<\/dt>\n\t\t\t\t<dd class='wp-caption-text gallery-caption' id='gallery-10-1851'>\n\t\t\t\t4970 &#8211; Poltrona Trenta\n\t\t\t\t<\/dd><\/dl><dl class='gallery-item'>\n\t\t\t<dt class='gallery-icon landscape'>\n\t\t\t\t<a href='https:\/\/www.salaodesign.com.br\/es\/declaracion-ampliacion-en-la-liberacion-de-finalistas-premio-salao-design-2025-2\/4983-poltrona-abbraccio\/'><img loading=\"lazy\" decoding=\"async\" width=\"150\" height=\"150\" src=\"https:\/\/www.salaodesign.com.br\/es\/wp-content\/uploads\/2024\/09\/4983-Poltrona-Abbraccio-150x150.png\" class=\"attachment-thumbnail size-thumbnail\" alt=\"\" srcset=\"https:\/\/www.salaodesign.com.br\/es\/wp-content\/uploads\/2024\/09\/4983-Poltrona-Abbraccio-150x150.png 150w, https:\/\/www.salaodesign.com.br\/es\/wp-content\/uploads\/2024\/09\/4983-Poltrona-Abbraccio-125x125.png 125w\" sizes=\"auto, (max-width: 150px) 100vw, 150px\" \/><\/a>\n\t\t\t<\/dt><\/dl><br style=\"clear: both\" \/><dl class='gallery-item'>\n\t\t\t<dt class='gallery-icon landscape'>\n\t\t\t\t<a href='https:\/\/www.salaodesign.com.br\/es\/declaracion-ampliacion-en-la-liberacion-de-finalistas-premio-salao-design-2025-2\/5031-cadeira-pacova\/'><img loading=\"lazy\" decoding=\"async\" width=\"150\" height=\"150\" src=\"https:\/\/www.salaodesign.com.br\/es\/wp-content\/uploads\/2024\/09\/5031-Cadeira-Pacova-150x150.png\" class=\"attachment-thumbnail size-thumbnail\" alt=\"\" srcset=\"https:\/\/www.salaodesign.com.br\/es\/wp-content\/uploads\/2024\/09\/5031-Cadeira-Pacova-150x150.png 150w, https:\/\/www.salaodesign.com.br\/es\/wp-content\/uploads\/2024\/09\/5031-Cadeira-Pacova-125x125.png 125w\" sizes=\"auto, (max-width: 150px) 100vw, 150px\" \/><\/a>\n\t\t\t<\/dt><\/dl><dl class='gallery-item'>\n\t\t\t<dt class='gallery-icon landscape'>\n\t\t\t\t<a href='https:\/\/www.salaodesign.com.br\/es\/declaracion-ampliacion-en-la-liberacion-de-finalistas-premio-salao-design-2025-2\/5112-movel-bar-vertigo\/'><img loading=\"lazy\" decoding=\"async\" width=\"150\" height=\"150\" src=\"https:\/\/www.salaodesign.com.br\/es\/wp-content\/uploads\/2024\/09\/5112-Movel-Bar-Vertigo-150x150.png\" class=\"attachment-thumbnail size-thumbnail\" alt=\"\" aria-describedby=\"gallery-10-1854\" srcset=\"https:\/\/www.salaodesign.com.br\/es\/wp-content\/uploads\/2024\/09\/5112-Movel-Bar-Vertigo-150x150.png 150w, https:\/\/www.salaodesign.com.br\/es\/wp-content\/uploads\/2024\/09\/5112-Movel-Bar-Vertigo-125x125.png 125w\" sizes=\"auto, (max-width: 150px) 100vw, 150px\" \/><\/a>\n\t\t\t<\/dt>\n\t\t\t\t<dd class='wp-caption-text gallery-caption' id='gallery-10-1854'>\n\t\t\t\t5112 &#8211; Mo\u0301vel Bar Vertigo\n\t\t\t\t<\/dd><\/dl><dl class='gallery-item'>\n\t\t\t<dt class='gallery-icon landscape'>\n\t\t\t\t<a href='https:\/\/www.salaodesign.com.br\/es\/declaracion-ampliacion-en-la-liberacion-de-finalistas-premio-salao-design-2025-2\/5119-anima\/'><img loading=\"lazy\" decoding=\"async\" width=\"150\" height=\"150\" src=\"https:\/\/www.salaodesign.com.br\/es\/wp-content\/uploads\/2024\/09\/5119-Anima-150x150.png\" class=\"attachment-thumbnail size-thumbnail\" alt=\"\" aria-describedby=\"gallery-10-1855\" srcset=\"https:\/\/www.salaodesign.com.br\/es\/wp-content\/uploads\/2024\/09\/5119-Anima-150x150.png 150w, https:\/\/www.salaodesign.com.br\/es\/wp-content\/uploads\/2024\/09\/5119-Anima-125x125.png 125w\" sizes=\"auto, (max-width: 150px) 100vw, 150px\" \/><\/a>\n\t\t\t<\/dt>\n\t\t\t\t<dd class='wp-caption-text gallery-caption' id='gallery-10-1855'>\n\t\t\t\t5119 &#8211; Anima\n\t\t\t\t<\/dd><\/dl><br style=\"clear: both\" \/><dl class='gallery-item'>\n\t\t\t<dt class='gallery-icon landscape'>\n\t\t\t\t<a href='https:\/\/www.salaodesign.com.br\/es\/declaracion-ampliacion-en-la-liberacion-de-finalistas-premio-salao-design-2025-2\/5121-nido\/'><img loading=\"lazy\" decoding=\"async\" width=\"150\" height=\"150\" src=\"https:\/\/www.salaodesign.com.br\/es\/wp-content\/uploads\/2024\/09\/5121-Nido-150x150.png\" class=\"attachment-thumbnail size-thumbnail\" alt=\"\" aria-describedby=\"gallery-10-1856\" srcset=\"https:\/\/www.salaodesign.com.br\/es\/wp-content\/uploads\/2024\/09\/5121-Nido-150x150.png 150w, https:\/\/www.salaodesign.com.br\/es\/wp-content\/uploads\/2024\/09\/5121-Nido-125x125.png 125w\" sizes=\"auto, (max-width: 150px) 100vw, 150px\" \/><\/a>\n\t\t\t<\/dt>\n\t\t\t\t<dd class='wp-caption-text gallery-caption' id='gallery-10-1856'>\n\t\t\t\t5121 &#8211; Nido\n\t\t\t\t<\/dd><\/dl><dl class='gallery-item'>\n\t\t\t<dt class='gallery-icon landscape'>\n\t\t\t\t<a href='https:\/\/www.salaodesign.com.br\/es\/declaracion-ampliacion-en-la-liberacion-de-finalistas-premio-salao-design-2025-2\/5153-cama-kerecha\/'><img loading=\"lazy\" decoding=\"async\" width=\"150\" height=\"150\" src=\"https:\/\/www.salaodesign.com.br\/es\/wp-content\/uploads\/2024\/09\/5153-Cama-Kerecha-150x150.png\" class=\"attachment-thumbnail size-thumbnail\" alt=\"\" aria-describedby=\"gallery-10-1857\" srcset=\"https:\/\/www.salaodesign.com.br\/es\/wp-content\/uploads\/2024\/09\/5153-Cama-Kerecha-150x150.png 150w, https:\/\/www.salaodesign.com.br\/es\/wp-content\/uploads\/2024\/09\/5153-Cama-Kerecha-125x125.png 125w\" sizes=\"auto, (max-width: 150px) 100vw, 150px\" \/><\/a>\n\t\t\t<\/dt>\n\t\t\t\t<dd class='wp-caption-text gallery-caption' id='gallery-10-1857'>\n\t\t\t\t5153 &#8211; Cama Kerecha\n\t\t\t\t<\/dd><\/dl><dl class='gallery-item'>\n\t\t\t<dt class='gallery-icon landscape'>\n\t\t\t\t<a href='https:\/\/www.salaodesign.com.br\/es\/declaracion-ampliacion-en-la-liberacion-de-finalistas-premio-salao-design-2025-2\/5278-taba\/'><img loading=\"lazy\" decoding=\"async\" width=\"150\" height=\"150\" src=\"https:\/\/www.salaodesign.com.br\/es\/wp-content\/uploads\/2024\/09\/5278-Taba-150x150.png\" class=\"attachment-thumbnail size-thumbnail\" alt=\"\" aria-describedby=\"gallery-10-1858\" srcset=\"https:\/\/www.salaodesign.com.br\/es\/wp-content\/uploads\/2024\/09\/5278-Taba-150x150.png 150w, https:\/\/www.salaodesign.com.br\/es\/wp-content\/uploads\/2024\/09\/5278-Taba-125x125.png 125w\" sizes=\"auto, (max-width: 150px) 100vw, 150px\" \/><\/a>\n\t\t\t<\/dt>\n\t\t\t\t<dd class='wp-caption-text gallery-caption' id='gallery-10-1858'>\n\t\t\t\t5278 &#8211; Taba\n\t\t\t\t<\/dd><\/dl><br style=\"clear: both\" \/><dl class='gallery-item'>\n\t\t\t<dt class='gallery-icon landscape'>\n\t\t\t\t<a href='https:\/\/www.salaodesign.com.br\/es\/declaracion-ampliacion-en-la-liberacion-de-finalistas-premio-salao-design-2025-2\/5298-toca\/'><img loading=\"lazy\" decoding=\"async\" width=\"150\" height=\"150\" src=\"https:\/\/www.salaodesign.com.br\/es\/wp-content\/uploads\/2024\/09\/5298-TOCA-150x150.png\" class=\"attachment-thumbnail size-thumbnail\" alt=\"\" aria-describedby=\"gallery-10-1859\" srcset=\"https:\/\/www.salaodesign.com.br\/es\/wp-content\/uploads\/2024\/09\/5298-TOCA-150x150.png 150w, https:\/\/www.salaodesign.com.br\/es\/wp-content\/uploads\/2024\/09\/5298-TOCA-125x125.png 125w\" sizes=\"auto, (max-width: 150px) 100vw, 150px\" \/><\/a>\n\t\t\t<\/dt>\n\t\t\t\t<dd class='wp-caption-text gallery-caption' id='gallery-10-1859'>\n\t\t\t\t5298 &#8211; TOCA\n\t\t\t\t<\/dd><\/dl><dl class='gallery-item'>\n\t\t\t<dt class='gallery-icon landscape'>\n\t\t\t\t<a href='https:\/\/www.salaodesign.com.br\/es\/declaracion-ampliacion-en-la-liberacion-de-finalistas-premio-salao-design-2025-2\/5334-espelho-lucca\/'><img loading=\"lazy\" decoding=\"async\" width=\"150\" height=\"150\" src=\"https:\/\/www.salaodesign.com.br\/es\/wp-content\/uploads\/2024\/09\/5334-Espelho-Lucca-150x150.png\" class=\"attachment-thumbnail size-thumbnail\" alt=\"\" aria-describedby=\"gallery-10-1860\" srcset=\"https:\/\/www.salaodesign.com.br\/es\/wp-content\/uploads\/2024\/09\/5334-Espelho-Lucca-150x150.png 150w, https:\/\/www.salaodesign.com.br\/es\/wp-content\/uploads\/2024\/09\/5334-Espelho-Lucca-125x125.png 125w\" sizes=\"auto, (max-width: 150px) 100vw, 150px\" \/><\/a>\n\t\t\t<\/dt>\n\t\t\t\t<dd class='wp-caption-text gallery-caption' id='gallery-10-1860'>\n\t\t\t\t5334 &#8211; Espelho Lucca\n\t\t\t\t<\/dd><\/dl>\n\t\t\t<br style='clear: both' \/>\n\t\t<\/div>\n\n<p><strong>Si est\u00e1s entre los finalistas, presta atenci\u00f3n a la segunda fase eliminatoria:<\/strong> la evaluaci\u00f3n est\u00e9tico-creativa. Presenta tu producto o prototipo en escala completa 1:1, que ser\u00e1 objeto de la evaluaci\u00f3n final de los jueces. Para m\u00e1s informaci\u00f3n, consulta nuestra normativa.<\/p>\n<p>La fecha l\u00edmite \u00fanica de entrega de los productos seleccionados ser\u00e1 los d\u00edas <strong>3, 4 y 5 de diciembre<\/strong> <strong>de 2024<\/strong> y las instrucciones de env\u00edo fueron enviadas a los correos electr\u00f3nicos de los participantes, as\u00ed que no olvides revisar tu bandeja de entrada. Si tiene alguna pregunta, comun\u00edquese con nosotros por correo electr\u00f3nico: salaodesign@salaodesign.com.br.<\/p>\n<p style=\"text-align: center;\"><span style=\"font-size: 14pt;\"><strong>\u00a1El Premio Sal\u00e3o de Dise\u00f1o agradece a todos por participar y felicita a los seleccionados!<\/strong><\/span><\/p>\n<p><strong>Patrocinio Master: Duratex e Interprint<\/strong><br \/>\n<strong>Patrocinio Est\u00e1ndar: Akeo<\/strong><br \/>\n<strong>Patrocinio Especial: Renna<\/strong><\/p>\n","protected":false},"excerpt":{"rendered":"<p>Ya concluy\u00f3 la primera fase de evaluaci\u00f3n del Premio Brasile\u00f1o de Dise\u00f1o de Mobiliario, que involucra an\u00e1lisis t\u00e9cnico-funcional. En total, fueron seleccionados 103 productos en las categor\u00edas Estudiante y Profesional, cubriendo las cinco categor\u00edas que propone el Premio Sal\u00e3o de Dise\u00f1o. \u00a1Mira los productos finalistas ahora! &nbsp; DESAF\u00cdO DE LOS ESPACIOS EN TRANSFORMACI\u00d3N &#8211; ESTUDIANTE&#8230;  <a class=\"excerpt-read-more\" href=\"https:\/\/www.salaodesign.com.br\/es\/declaracion-ampliacion-en-la-liberacion-de-finalistas-premio-salao-design-2025-2\/\" title=\"Read Finalistas de la Primera Fase del Premio Sal\u00e3o de Design 2025\">Leia mais &raquo;<\/a><\/p>\n","protected":false},"author":3,"featured_media":1748,"comment_status":"open","ping_status":"open","sticky":false,"template":"","format":"standard","meta":{"footnotes":"","_links_to":"","_links_to_target":""},"categories":[12,9,3],"tags":[],"class_list":["post-1744","post","type-post","status-publish","format-standard","has-post-thumbnail","hentry","category-1a-etapa","category-blog","category-noticias"],"yoast_head":"<!-- This site is optimized with the Yoast SEO plugin v27.0 - https:\/\/yoast.com\/product\/yoast-seo-wordpress\/ -->\n<title>Finalistas de la Primera Fase del Premio Sal\u00e3o de Design 2025 - Sal\u00e3o Design<\/title>\n<meta name=\"description\" content=\"Ya concluy\u00f3 la primera fase de evaluaci\u00f3n del Premio Brasile\u00f1o de Dise\u00f1o de Mobiliario, que involucra an\u00e1lisis t\u00e9cnico-funcional. En total, fueron seleccionados 103 productos en las categor\u00edas Estudiante y Profesional, cubriendo las cinco categor\u00edas que propone el Premio Sal\u00e3o de Dise\u00f1o. \u00a1Mira los productos finalistas ahora!\" \/>\n<meta name=\"robots\" content=\"index, follow, max-snippet:-1, max-image-preview:large, max-video-preview:-1\" \/>\n<link rel=\"canonical\" href=\"https:\/\/www.salaodesign.com.br\/es\/declaracion-ampliacion-en-la-liberacion-de-finalistas-premio-salao-design-2025-2\/\" \/>\n<meta property=\"og:locale\" content=\"es_ES\" \/>\n<meta property=\"og:type\" content=\"article\" \/>\n<meta property=\"og:title\" content=\"Finalistas de la Primera Fase del Premio Sal\u00e3o de Design 2025 - Sal\u00e3o Design\" \/>\n<meta property=\"og:description\" content=\"Ya concluy\u00f3 la primera fase de evaluaci\u00f3n del Premio Brasile\u00f1o de Dise\u00f1o de Mobiliario, que involucra an\u00e1lisis t\u00e9cnico-funcional. En total, fueron seleccionados 103 productos en las categor\u00edas Estudiante y Profesional, cubriendo las cinco categor\u00edas que propone el Premio Sal\u00e3o de Dise\u00f1o. \u00a1Mira los productos finalistas ahora!\" \/>\n<meta property=\"og:url\" content=\"https:\/\/www.salaodesign.com.br\/es\/declaracion-ampliacion-en-la-liberacion-de-finalistas-premio-salao-design-2025-2\/\" \/>\n<meta property=\"og:site_name\" content=\"Sal\u00e3o Design\" \/>\n<meta property=\"article:published_time\" content=\"2024-09-17T12:00:28+00:00\" \/>\n<meta property=\"article:modified_time\" content=\"2024-09-19T17:22:57+00:00\" \/>\n<meta property=\"og:image\" content=\"https:\/\/www.salaodesign.com.br\/es\/wp-content\/uploads\/2024\/09\/FINALISTAS-01.png\" \/>\n\t<meta property=\"og:image:width\" content=\"960\" \/>\n\t<meta property=\"og:image:height\" content=\"700\" \/>\n\t<meta property=\"og:image:type\" content=\"image\/png\" \/>\n<meta name=\"author\" content=\"Imprensa Sindm\u00f3veis\" \/>\n<meta name=\"twitter:card\" content=\"summary_large_image\" \/>\n<meta name=\"twitter:label1\" content=\"Escrito por\" \/>\n\t<meta name=\"twitter:data1\" content=\"Imprensa Sindm\u00f3veis\" \/>\n\t<meta name=\"twitter:label2\" content=\"Tiempo de lectura\" \/>\n\t<meta name=\"twitter:data2\" content=\"2 minutos\" \/>\n<script type=\"application\/ld+json\" class=\"yoast-schema-graph\">{\"@context\":\"https:\/\/schema.org\",\"@graph\":[{\"@type\":\"Article\",\"@id\":\"https:\/\/www.salaodesign.com.br\/es\/declaracion-ampliacion-en-la-liberacion-de-finalistas-premio-salao-design-2025-2\/#article\",\"isPartOf\":{\"@id\":\"https:\/\/www.salaodesign.com.br\/es\/declaracion-ampliacion-en-la-liberacion-de-finalistas-premio-salao-design-2025-2\/\"},\"author\":{\"name\":\"Imprensa Sindm\u00f3veis\",\"@id\":\"https:\/\/www.salaodesign.com.br\/es\/#\/schema\/person\/0e7a478db163021135a853aeac68c9a3\"},\"headline\":\"Finalistas de la Primera Fase del Premio Sal\u00e3o de Design 2025\",\"datePublished\":\"2024-09-17T12:00:28+00:00\",\"dateModified\":\"2024-09-19T17:22:57+00:00\",\"mainEntityOfPage\":{\"@id\":\"https:\/\/www.salaodesign.com.br\/es\/declaracion-ampliacion-en-la-liberacion-de-finalistas-premio-salao-design-2025-2\/\"},\"wordCount\":318,\"commentCount\":0,\"image\":{\"@id\":\"https:\/\/www.salaodesign.com.br\/es\/declaracion-ampliacion-en-la-liberacion-de-finalistas-premio-salao-design-2025-2\/#primaryimage\"},\"thumbnailUrl\":\"https:\/\/www.salaodesign.com.br\/es\/wp-content\/uploads\/2024\/09\/FINALISTAS-01.png\",\"articleSection\":[\"1\u00aa Etapa\",\"Blog\",\"Not\u00edcias\"],\"inLanguage\":\"es\",\"potentialAction\":[{\"@type\":\"CommentAction\",\"name\":\"Comment\",\"target\":[\"https:\/\/www.salaodesign.com.br\/es\/declaracion-ampliacion-en-la-liberacion-de-finalistas-premio-salao-design-2025-2\/#respond\"]}]},{\"@type\":\"WebPage\",\"@id\":\"https:\/\/www.salaodesign.com.br\/es\/declaracion-ampliacion-en-la-liberacion-de-finalistas-premio-salao-design-2025-2\/\",\"url\":\"https:\/\/www.salaodesign.com.br\/es\/declaracion-ampliacion-en-la-liberacion-de-finalistas-premio-salao-design-2025-2\/\",\"name\":\"Finalistas de la Primera Fase del Premio Sal\u00e3o de Design 2025 - Sal\u00e3o Design\",\"isPartOf\":{\"@id\":\"https:\/\/www.salaodesign.com.br\/es\/#website\"},\"primaryImageOfPage\":{\"@id\":\"https:\/\/www.salaodesign.com.br\/es\/declaracion-ampliacion-en-la-liberacion-de-finalistas-premio-salao-design-2025-2\/#primaryimage\"},\"image\":{\"@id\":\"https:\/\/www.salaodesign.com.br\/es\/declaracion-ampliacion-en-la-liberacion-de-finalistas-premio-salao-design-2025-2\/#primaryimage\"},\"thumbnailUrl\":\"https:\/\/www.salaodesign.com.br\/es\/wp-content\/uploads\/2024\/09\/FINALISTAS-01.png\",\"datePublished\":\"2024-09-17T12:00:28+00:00\",\"dateModified\":\"2024-09-19T17:22:57+00:00\",\"author\":{\"@id\":\"https:\/\/www.salaodesign.com.br\/es\/#\/schema\/person\/0e7a478db163021135a853aeac68c9a3\"},\"description\":\"Ya concluy\u00f3 la primera fase de evaluaci\u00f3n del Premio Brasile\u00f1o de Dise\u00f1o de Mobiliario, que involucra an\u00e1lisis t\u00e9cnico-funcional. En total, fueron seleccionados 103 productos en las categor\u00edas Estudiante y Profesional, cubriendo las cinco categor\u00edas que propone el Premio Sal\u00e3o de Dise\u00f1o. \u00a1Mira los productos finalistas ahora!\",\"breadcrumb\":{\"@id\":\"https:\/\/www.salaodesign.com.br\/es\/declaracion-ampliacion-en-la-liberacion-de-finalistas-premio-salao-design-2025-2\/#breadcrumb\"},\"inLanguage\":\"es\",\"potentialAction\":[{\"@type\":\"ReadAction\",\"target\":[\"https:\/\/www.salaodesign.com.br\/es\/declaracion-ampliacion-en-la-liberacion-de-finalistas-premio-salao-design-2025-2\/\"]}]},{\"@type\":\"ImageObject\",\"inLanguage\":\"es\",\"@id\":\"https:\/\/www.salaodesign.com.br\/es\/declaracion-ampliacion-en-la-liberacion-de-finalistas-premio-salao-design-2025-2\/#primaryimage\",\"url\":\"https:\/\/www.salaodesign.com.br\/es\/wp-content\/uploads\/2024\/09\/FINALISTAS-01.png\",\"contentUrl\":\"https:\/\/www.salaodesign.com.br\/es\/wp-content\/uploads\/2024\/09\/FINALISTAS-01.png\",\"width\":960,\"height\":700},{\"@type\":\"BreadcrumbList\",\"@id\":\"https:\/\/www.salaodesign.com.br\/es\/declaracion-ampliacion-en-la-liberacion-de-finalistas-premio-salao-design-2025-2\/#breadcrumb\",\"itemListElement\":[{\"@type\":\"ListItem\",\"position\":1,\"name\":\"In\u00edcio\",\"item\":\"https:\/\/www.salaodesign.com.br\/es\/\"},{\"@type\":\"ListItem\",\"position\":2,\"name\":\"Finalistas de la Primera Fase del Premio Sal\u00e3o de Design 2025\"}]},{\"@type\":\"WebSite\",\"@id\":\"https:\/\/www.salaodesign.com.br\/es\/#website\",\"url\":\"https:\/\/www.salaodesign.com.br\/es\/\",\"name\":\"Sal\u00e3o Design\",\"description\":\"Sal\u00e3o Design\",\"potentialAction\":[{\"@type\":\"SearchAction\",\"target\":{\"@type\":\"EntryPoint\",\"urlTemplate\":\"https:\/\/www.salaodesign.com.br\/es\/?s={search_term_string}\"},\"query-input\":{\"@type\":\"PropertyValueSpecification\",\"valueRequired\":true,\"valueName\":\"search_term_string\"}}],\"inLanguage\":\"es\"},{\"@type\":\"Person\",\"@id\":\"https:\/\/www.salaodesign.com.br\/es\/#\/schema\/person\/0e7a478db163021135a853aeac68c9a3\",\"name\":\"Imprensa Sindm\u00f3veis\",\"image\":{\"@type\":\"ImageObject\",\"inLanguage\":\"es\",\"@id\":\"https:\/\/www.salaodesign.com.br\/es\/#\/schema\/person\/image\/\",\"url\":\"https:\/\/www.salaodesign.com.br\/es\/wp-content\/uploads\/2020\/06\/img-user-wp.jpg\",\"contentUrl\":\"https:\/\/www.salaodesign.com.br\/es\/wp-content\/uploads\/2020\/06\/img-user-wp.jpg\",\"caption\":\"Imprensa Sindm\u00f3veis\"},\"url\":\"https:\/\/www.salaodesign.com.br\/es\/author\/imprensa\/\"}]}<\/script>\n<!-- \/ Yoast SEO plugin. -->","yoast_head_json":{"title":"Finalistas de la Primera Fase del Premio Sal\u00e3o de Design 2025 - Sal\u00e3o Design","description":"Ya concluy\u00f3 la primera fase de evaluaci\u00f3n del Premio Brasile\u00f1o de Dise\u00f1o de Mobiliario, que involucra an\u00e1lisis t\u00e9cnico-funcional. En total, fueron seleccionados 103 productos en las categor\u00edas Estudiante y Profesional, cubriendo las cinco categor\u00edas que propone el Premio Sal\u00e3o de Dise\u00f1o. \u00a1Mira los productos finalistas ahora!","robots":{"index":"index","follow":"follow","max-snippet":"max-snippet:-1","max-image-preview":"max-image-preview:large","max-video-preview":"max-video-preview:-1"},"canonical":"https:\/\/www.salaodesign.com.br\/es\/declaracion-ampliacion-en-la-liberacion-de-finalistas-premio-salao-design-2025-2\/","og_locale":"es_ES","og_type":"article","og_title":"Finalistas de la Primera Fase del Premio Sal\u00e3o de Design 2025 - Sal\u00e3o Design","og_description":"Ya concluy\u00f3 la primera fase de evaluaci\u00f3n del Premio Brasile\u00f1o de Dise\u00f1o de Mobiliario, que involucra an\u00e1lisis t\u00e9cnico-funcional. En total, fueron seleccionados 103 productos en las categor\u00edas Estudiante y Profesional, cubriendo las cinco categor\u00edas que propone el Premio Sal\u00e3o de Dise\u00f1o. \u00a1Mira los productos finalistas ahora!","og_url":"https:\/\/www.salaodesign.com.br\/es\/declaracion-ampliacion-en-la-liberacion-de-finalistas-premio-salao-design-2025-2\/","og_site_name":"Sal\u00e3o Design","article_published_time":"2024-09-17T12:00:28+00:00","article_modified_time":"2024-09-19T17:22:57+00:00","og_image":[{"width":960,"height":700,"url":"https:\/\/www.salaodesign.com.br\/es\/wp-content\/uploads\/2024\/09\/FINALISTAS-01.png","type":"image\/png"}],"author":"Imprensa Sindm\u00f3veis","twitter_card":"summary_large_image","twitter_misc":{"Escrito por":"Imprensa Sindm\u00f3veis","Tiempo de lectura":"2 minutos"},"schema":{"@context":"https:\/\/schema.org","@graph":[{"@type":"Article","@id":"https:\/\/www.salaodesign.com.br\/es\/declaracion-ampliacion-en-la-liberacion-de-finalistas-premio-salao-design-2025-2\/#article","isPartOf":{"@id":"https:\/\/www.salaodesign.com.br\/es\/declaracion-ampliacion-en-la-liberacion-de-finalistas-premio-salao-design-2025-2\/"},"author":{"name":"Imprensa Sindm\u00f3veis","@id":"https:\/\/www.salaodesign.com.br\/es\/#\/schema\/person\/0e7a478db163021135a853aeac68c9a3"},"headline":"Finalistas de la Primera Fase del Premio Sal\u00e3o de Design 2025","datePublished":"2024-09-17T12:00:28+00:00","dateModified":"2024-09-19T17:22:57+00:00","mainEntityOfPage":{"@id":"https:\/\/www.salaodesign.com.br\/es\/declaracion-ampliacion-en-la-liberacion-de-finalistas-premio-salao-design-2025-2\/"},"wordCount":318,"commentCount":0,"image":{"@id":"https:\/\/www.salaodesign.com.br\/es\/declaracion-ampliacion-en-la-liberacion-de-finalistas-premio-salao-design-2025-2\/#primaryimage"},"thumbnailUrl":"https:\/\/www.salaodesign.com.br\/es\/wp-content\/uploads\/2024\/09\/FINALISTAS-01.png","articleSection":["1\u00aa Etapa","Blog","Not\u00edcias"],"inLanguage":"es","potentialAction":[{"@type":"CommentAction","name":"Comment","target":["https:\/\/www.salaodesign.com.br\/es\/declaracion-ampliacion-en-la-liberacion-de-finalistas-premio-salao-design-2025-2\/#respond"]}]},{"@type":"WebPage","@id":"https:\/\/www.salaodesign.com.br\/es\/declaracion-ampliacion-en-la-liberacion-de-finalistas-premio-salao-design-2025-2\/","url":"https:\/\/www.salaodesign.com.br\/es\/declaracion-ampliacion-en-la-liberacion-de-finalistas-premio-salao-design-2025-2\/","name":"Finalistas de la Primera Fase del Premio Sal\u00e3o de Design 2025 - Sal\u00e3o Design","isPartOf":{"@id":"https:\/\/www.salaodesign.com.br\/es\/#website"},"primaryImageOfPage":{"@id":"https:\/\/www.salaodesign.com.br\/es\/declaracion-ampliacion-en-la-liberacion-de-finalistas-premio-salao-design-2025-2\/#primaryimage"},"image":{"@id":"https:\/\/www.salaodesign.com.br\/es\/declaracion-ampliacion-en-la-liberacion-de-finalistas-premio-salao-design-2025-2\/#primaryimage"},"thumbnailUrl":"https:\/\/www.salaodesign.com.br\/es\/wp-content\/uploads\/2024\/09\/FINALISTAS-01.png","datePublished":"2024-09-17T12:00:28+00:00","dateModified":"2024-09-19T17:22:57+00:00","author":{"@id":"https:\/\/www.salaodesign.com.br\/es\/#\/schema\/person\/0e7a478db163021135a853aeac68c9a3"},"description":"Ya concluy\u00f3 la primera fase de evaluaci\u00f3n del Premio Brasile\u00f1o de Dise\u00f1o de Mobiliario, que involucra an\u00e1lisis t\u00e9cnico-funcional. En total, fueron seleccionados 103 productos en las categor\u00edas Estudiante y Profesional, cubriendo las cinco categor\u00edas que propone el Premio Sal\u00e3o de Dise\u00f1o. \u00a1Mira los productos finalistas ahora!","breadcrumb":{"@id":"https:\/\/www.salaodesign.com.br\/es\/declaracion-ampliacion-en-la-liberacion-de-finalistas-premio-salao-design-2025-2\/#breadcrumb"},"inLanguage":"es","potentialAction":[{"@type":"ReadAction","target":["https:\/\/www.salaodesign.com.br\/es\/declaracion-ampliacion-en-la-liberacion-de-finalistas-premio-salao-design-2025-2\/"]}]},{"@type":"ImageObject","inLanguage":"es","@id":"https:\/\/www.salaodesign.com.br\/es\/declaracion-ampliacion-en-la-liberacion-de-finalistas-premio-salao-design-2025-2\/#primaryimage","url":"https:\/\/www.salaodesign.com.br\/es\/wp-content\/uploads\/2024\/09\/FINALISTAS-01.png","contentUrl":"https:\/\/www.salaodesign.com.br\/es\/wp-content\/uploads\/2024\/09\/FINALISTAS-01.png","width":960,"height":700},{"@type":"BreadcrumbList","@id":"https:\/\/www.salaodesign.com.br\/es\/declaracion-ampliacion-en-la-liberacion-de-finalistas-premio-salao-design-2025-2\/#breadcrumb","itemListElement":[{"@type":"ListItem","position":1,"name":"In\u00edcio","item":"https:\/\/www.salaodesign.com.br\/es\/"},{"@type":"ListItem","position":2,"name":"Finalistas de la Primera Fase del Premio Sal\u00e3o de Design 2025"}]},{"@type":"WebSite","@id":"https:\/\/www.salaodesign.com.br\/es\/#website","url":"https:\/\/www.salaodesign.com.br\/es\/","name":"Sal\u00e3o Design","description":"Sal\u00e3o Design","potentialAction":[{"@type":"SearchAction","target":{"@type":"EntryPoint","urlTemplate":"https:\/\/www.salaodesign.com.br\/es\/?s={search_term_string}"},"query-input":{"@type":"PropertyValueSpecification","valueRequired":true,"valueName":"search_term_string"}}],"inLanguage":"es"},{"@type":"Person","@id":"https:\/\/www.salaodesign.com.br\/es\/#\/schema\/person\/0e7a478db163021135a853aeac68c9a3","name":"Imprensa Sindm\u00f3veis","image":{"@type":"ImageObject","inLanguage":"es","@id":"https:\/\/www.salaodesign.com.br\/es\/#\/schema\/person\/image\/","url":"https:\/\/www.salaodesign.com.br\/es\/wp-content\/uploads\/2020\/06\/img-user-wp.jpg","contentUrl":"https:\/\/www.salaodesign.com.br\/es\/wp-content\/uploads\/2020\/06\/img-user-wp.jpg","caption":"Imprensa Sindm\u00f3veis"},"url":"https:\/\/www.salaodesign.com.br\/es\/author\/imprensa\/"}]}},"_links":{"self":[{"href":"https:\/\/www.salaodesign.com.br\/es\/wp-json\/wp\/v2\/posts\/1744","targetHints":{"allow":["GET"]}}],"collection":[{"href":"https:\/\/www.salaodesign.com.br\/es\/wp-json\/wp\/v2\/posts"}],"about":[{"href":"https:\/\/www.salaodesign.com.br\/es\/wp-json\/wp\/v2\/types\/post"}],"author":[{"embeddable":true,"href":"https:\/\/www.salaodesign.com.br\/es\/wp-json\/wp\/v2\/users\/3"}],"replies":[{"embeddable":true,"href":"https:\/\/www.salaodesign.com.br\/es\/wp-json\/wp\/v2\/comments?post=1744"}],"version-history":[{"count":10,"href":"https:\/\/www.salaodesign.com.br\/es\/wp-json\/wp\/v2\/posts\/1744\/revisions"}],"predecessor-version":[{"id":1745,"href":"https:\/\/www.salaodesign.com.br\/es\/wp-json\/wp\/v2\/posts\/1744\/revisions\/1745"}],"wp:featuredmedia":[{"embeddable":true,"href":"https:\/\/www.salaodesign.com.br\/es\/wp-json\/wp\/v2\/media\/1748"}],"wp:attachment":[{"href":"https:\/\/www.salaodesign.com.br\/es\/wp-json\/wp\/v2\/media?parent=1744"}],"wp:term":[{"taxonomy":"category","embeddable":true,"href":"https:\/\/www.salaodesign.com.br\/es\/wp-json\/wp\/v2\/categories?post=1744"},{"taxonomy":"post_tag","embeddable":true,"href":"https:\/\/www.salaodesign.com.br\/es\/wp-json\/wp\/v2\/tags?post=1744"}],"curies":[{"name":"wp","href":"https:\/\/api.w.org\/{rel}","templated":true}]}}