{"id":2018,"date":"2026-04-07T14:19:20","date_gmt":"2026-04-07T17:19:20","guid":{"rendered":"https:\/\/www.salaodesign.com.br\/es\/?p=2018"},"modified":"2026-04-07T14:19:03","modified_gmt":"2026-04-07T17:19:03","slug":"crece-el-numero-de-proyectos-inscritos-en-el-premio-salao-design","status":"publish","type":"post","link":"https:\/\/www.salaodesign.com.br\/es\/crece-el-numero-de-proyectos-inscritos-en-el-premio-salao-design\/","title":{"rendered":"Crece el n\u00famero de proyectos inscritos en el Premio Sal\u00e3o Design"},"content":{"rendered":"<p>Con <strong>516 proyectos inscritos<\/strong> (un 14,6% m\u00e1s en comparaci\u00f3n con la edici\u00f3n anterior), el<strong> 27\u00ba Premio Sal\u00e3o Design<\/strong> reafirma su relevancia como uno de <strong>los principales concursos de dise\u00f1o de mobiliario en Am\u00e9rica Latina.<\/strong> Del 1 al 23 de abril, los cinco jurados de la primera fase de evaluaci\u00f3n tienen la misi\u00f3n de analizar las propuestas enviadas por <strong>profesionales y estudiantes de 19 estados brasile\u00f1os, adem\u00e1s de Argentina y Uruguay.<\/strong><\/p>\n<p>El resultado ser\u00e1 divulgado el 13 de mayo: los proyectos que avancen a la segunda fase ser\u00e1n considerados finalistas y competir\u00e1n por el premio especial Voto Popular (del 20 de mayo al 8 de julio, el p\u00fablico podr\u00e1 votar por sus favoritos a trav\u00e9s del sitio web de la premiaci\u00f3n).<\/p>\n<p>El cronograma se completa con la divulgaci\u00f3n del resultado final el 21 de julio y la exhibici\u00f3n de finalistas y premiados durante la feria <a href=\"https:\/\/www.movelsul.com\/es\/\">Movelsul Brasil<\/a> (del 17 al 20 de agosto, en Bento Gon\u00e7alves), donde tambi\u00e9n tendr\u00e1 lugar el momento m\u00e1s esperado por los participantes: la ceremonia de premiaci\u00f3n, el d\u00eda 19.<\/p>\n<p>Realizado desde 1988 por el Sindicato de las Industrias del Mobiliario de Bento Gon\u00e7alves, el Premio Sal\u00e3o Design suma m\u00e1s de 17 mil proyectos inscritos por participantes de 39 pa\u00edses a lo largo de casi 40 a\u00f1os de historia.<\/p>\n<p>\u201cEl Premio se ha reinventado en diversas ocasiones, pero nunca ha perdido su esencia principal, que es conectar dise\u00f1adores e industrias con el objetivo de hacer el sector del mobiliario m\u00e1s competitivo, innovador y sostenible, adem\u00e1s de ser una vitrina de talentos\u201d, destaca Priscila Manfroi, directora del concurso, que este a\u00f1o cuenta con el patrocinio de Interprint (m\u00e1ster), Akeo (standard) y Renna (especial).<\/p>\n<p><strong>QUI\u00c9NES SON LOS JURADOS<\/strong><\/p>\n<p><strong>Primera etapa:<\/strong><br \/>\nBruna Galliano (dise\u00f1adora, investigadora de tendencias y colores y conferencista); Christian Ullmann (dise\u00f1ador enfocado en estrategia e innovaci\u00f3n social); D\u00e9bora Mateus (periodista especializada en arquitectura, dise\u00f1o, cultura y comportamiento); Gustavo Bertolini (arquitecto y dise\u00f1ador de producto \u2013 presidente del jurado en la primera etapa); Jo\u00e3o Gabriel (arquitecto y urbanista, dise\u00f1ador, educador y comunicador).<\/p>\n<p><strong>Segunda etapa:<\/strong><br \/>\nClarissa Schneider (comunicaci\u00f3n estrat\u00e9gica en las \u00e1reas de arquitectura y dise\u00f1o); Isabel Restrepo (ingeniera de dise\u00f1o de producto); Rodrigo Ohtake (arquitecto, urbanista y dise\u00f1ador); Winnie Bastian (arquitecta, periodista y cr\u00edtica de dise\u00f1o \u2013 presidenta del jurado en la segunda etapa); Zanini de Zanine (dise\u00f1ador).<\/p>\n<p><strong>PREMIOS<\/strong><\/p>\n<p>El 27\u00ba Premio Sal\u00e3o Design otorgar\u00e1 hasta R$ 128 mil en premios para los proyectos inscritos en las ocho categor\u00edas establecidas en el reglamento, adem\u00e1s de trofeos, certificados y sellos que avalan los productos premiados.<\/p>\n<p><strong>Entre los premios especiales se encuentran:<\/strong><br \/>\nPremio Voto Popular, con participaci\u00f3n del p\u00fablico; Premio Profesor Orientador; Premio Maderas Alternativas (en alianza con el Laboratorio de Productos Forestales del Servicio Forestal Brasile\u00f1o, incluye un viaje a un \u00e1rea de manejo sostenible y a la sede del LPF, en Brasilia); Premio Familia de Productos (inscripciones con al menos dos \u00edtems de la misma l\u00ednea); Premio Manufactura Artesanal (proyectos que utilicen t\u00e9cnicas, obtenci\u00f3n de materiales o sistemas productivos que combinen trabajo manual, artesanal e industrial); Estudiante Destacado; Premio Profesional Revelaci\u00f3n; y Premio Design RS (que otorgar\u00e1 una plaza en la Misi\u00f3n Mil\u00e1n 2027, realizada por Sebrae RS).<\/p>\n","protected":false},"excerpt":{"rendered":"<p>Con 516 proyectos inscritos (un 14,6% m\u00e1s en comparaci\u00f3n con la edici\u00f3n anterior), el 27\u00ba Premio Sal\u00e3o Design reafirma su relevancia como uno de los principales concursos de dise\u00f1o de mobiliario en Am\u00e9rica Latina. Del 1 al 23 de abril, los cinco jurados de la primera fase de evaluaci\u00f3n tienen la misi\u00f3n de analizar las&#8230;  <a class=\"excerpt-read-more\" href=\"https:\/\/www.salaodesign.com.br\/es\/crece-el-numero-de-proyectos-inscritos-en-el-premio-salao-design\/\" title=\"Read Crece el n\u00famero de proyectos inscritos en el Premio Sal\u00e3o Design\">Leia mais &raquo;<\/a><\/p>\n","protected":false},"author":3,"featured_media":1980,"comment_status":"open","ping_status":"open","sticky":false,"template":"","format":"standard","meta":{"footnotes":"","_links_to":"","_links_to_target":""},"categories":[9,10,3],"tags":[],"class_list":["post-2018","post","type-post","status-publish","format-standard","has-post-thumbnail","hentry","category-blog","category-geral","category-noticias"],"yoast_head":"<!-- This site is optimized with the Yoast SEO plugin v27.0 - https:\/\/yoast.com\/product\/yoast-seo-wordpress\/ -->\n<title>Crece el n\u00famero de proyectos inscritos en el Premio Sal\u00e3o Design - Sal\u00e3o Design<\/title>\n<meta name=\"description\" content=\"Iniciativa del Sindicato de las Industrias del Mobiliario de Bento Gon\u00e7alves (Sindm\u00f3veis), desde 1988 el Premio Sal\u00e3o Design revela talentos de Brasil y del exterior que ayudan a fundamentar la importancia del dise\u00f1o de muebles como herramienta de innovaci\u00f3n y competitividad. En su 26\u00aa \u00a0\u00a0edici\u00f3n, la m\u00e1s tradicional premiaci\u00f3n latinoamericana de dise\u00f1o tuvo 450 proyectos inscritos y, despu\u00e9s de la etapa de evaluaci\u00f3n t\u00e9cnico-funcional, anuncia 103 finalistas de Brasil, Argentina, M\u00e9xico y Uruguay (lista completa aqu\u00ed). Ahora, pr\" \/>\n<meta name=\"robots\" content=\"index, follow, max-snippet:-1, max-image-preview:large, max-video-preview:-1\" \/>\n<link rel=\"canonical\" href=\"https:\/\/www.salaodesign.com.br\/es\/crece-el-numero-de-proyectos-inscritos-en-el-premio-salao-design\/\" \/>\n<meta property=\"og:locale\" content=\"es_ES\" \/>\n<meta property=\"og:type\" content=\"article\" \/>\n<meta property=\"og:title\" content=\"Crece el n\u00famero de proyectos inscritos en el Premio Sal\u00e3o Design - Sal\u00e3o Design\" \/>\n<meta property=\"og:description\" content=\"Iniciativa del Sindicato de las Industrias del Mobiliario de Bento Gon\u00e7alves (Sindm\u00f3veis), desde 1988 el Premio Sal\u00e3o Design revela talentos de Brasil y del exterior que ayudan a fundamentar la importancia del dise\u00f1o de muebles como herramienta de innovaci\u00f3n y competitividad. En su 26\u00aa \u00a0\u00a0edici\u00f3n, la m\u00e1s tradicional premiaci\u00f3n latinoamericana de dise\u00f1o tuvo 450 proyectos inscritos y, despu\u00e9s de la etapa de evaluaci\u00f3n t\u00e9cnico-funcional, anuncia 103 finalistas de Brasil, Argentina, M\u00e9xico y Uruguay (lista completa aqu\u00ed). Ahora, pr\" \/>\n<meta property=\"og:url\" content=\"https:\/\/www.salaodesign.com.br\/es\/crece-el-numero-de-proyectos-inscritos-en-el-premio-salao-design\/\" \/>\n<meta property=\"og:site_name\" content=\"Sal\u00e3o Design\" \/>\n<meta property=\"article:published_time\" content=\"2026-04-07T17:19:20+00:00\" \/>\n<meta property=\"og:image\" content=\"https:\/\/www.salaodesign.com.br\/es\/wp-content\/uploads\/2024\/11\/Espanhol-banner-site-regulamento1.jpg\" \/>\n\t<meta property=\"og:image:width\" content=\"960\" \/>\n\t<meta property=\"og:image:height\" content=\"700\" \/>\n\t<meta property=\"og:image:type\" content=\"image\/jpeg\" \/>\n<meta name=\"author\" content=\"Imprensa Sindm\u00f3veis\" \/>\n<meta name=\"twitter:card\" content=\"summary_large_image\" \/>\n<meta name=\"twitter:label1\" content=\"Escrito por\" \/>\n\t<meta name=\"twitter:data1\" content=\"Imprensa Sindm\u00f3veis\" \/>\n\t<meta name=\"twitter:label2\" content=\"Tiempo de lectura\" \/>\n\t<meta name=\"twitter:data2\" content=\"3 minutos\" \/>\n<script type=\"application\/ld+json\" class=\"yoast-schema-graph\">{\"@context\":\"https:\/\/schema.org\",\"@graph\":[{\"@type\":\"Article\",\"@id\":\"https:\/\/www.salaodesign.com.br\/es\/crece-el-numero-de-proyectos-inscritos-en-el-premio-salao-design\/#article\",\"isPartOf\":{\"@id\":\"https:\/\/www.salaodesign.com.br\/es\/crece-el-numero-de-proyectos-inscritos-en-el-premio-salao-design\/\"},\"author\":{\"name\":\"Imprensa Sindm\u00f3veis\",\"@id\":\"https:\/\/www.salaodesign.com.br\/es\/#\/schema\/person\/0e7a478db163021135a853aeac68c9a3\"},\"headline\":\"Crece el n\u00famero de proyectos inscritos en el Premio Sal\u00e3o Design\",\"datePublished\":\"2026-04-07T17:19:20+00:00\",\"mainEntityOfPage\":{\"@id\":\"https:\/\/www.salaodesign.com.br\/es\/crece-el-numero-de-proyectos-inscritos-en-el-premio-salao-design\/\"},\"wordCount\":572,\"commentCount\":0,\"image\":{\"@id\":\"https:\/\/www.salaodesign.com.br\/es\/crece-el-numero-de-proyectos-inscritos-en-el-premio-salao-design\/#primaryimage\"},\"thumbnailUrl\":\"https:\/\/www.salaodesign.com.br\/es\/wp-content\/uploads\/2024\/11\/Espanhol-banner-site-regulamento1.jpg\",\"articleSection\":[\"Blog\",\"Geral\",\"Not\u00edcias\"],\"inLanguage\":\"es\",\"potentialAction\":[{\"@type\":\"CommentAction\",\"name\":\"Comment\",\"target\":[\"https:\/\/www.salaodesign.com.br\/es\/crece-el-numero-de-proyectos-inscritos-en-el-premio-salao-design\/#respond\"]}]},{\"@type\":\"WebPage\",\"@id\":\"https:\/\/www.salaodesign.com.br\/es\/crece-el-numero-de-proyectos-inscritos-en-el-premio-salao-design\/\",\"url\":\"https:\/\/www.salaodesign.com.br\/es\/crece-el-numero-de-proyectos-inscritos-en-el-premio-salao-design\/\",\"name\":\"Crece el n\u00famero de proyectos inscritos en el Premio Sal\u00e3o Design - Sal\u00e3o Design\",\"isPartOf\":{\"@id\":\"https:\/\/www.salaodesign.com.br\/es\/#website\"},\"primaryImageOfPage\":{\"@id\":\"https:\/\/www.salaodesign.com.br\/es\/crece-el-numero-de-proyectos-inscritos-en-el-premio-salao-design\/#primaryimage\"},\"image\":{\"@id\":\"https:\/\/www.salaodesign.com.br\/es\/crece-el-numero-de-proyectos-inscritos-en-el-premio-salao-design\/#primaryimage\"},\"thumbnailUrl\":\"https:\/\/www.salaodesign.com.br\/es\/wp-content\/uploads\/2024\/11\/Espanhol-banner-site-regulamento1.jpg\",\"datePublished\":\"2026-04-07T17:19:20+00:00\",\"author\":{\"@id\":\"https:\/\/www.salaodesign.com.br\/es\/#\/schema\/person\/0e7a478db163021135a853aeac68c9a3\"},\"description\":\"Iniciativa del Sindicato de las Industrias del Mobiliario de Bento Gon\u00e7alves (Sindm\u00f3veis), desde 1988 el Premio Sal\u00e3o Design revela talentos de Brasil y del exterior que ayudan a fundamentar la importancia del dise\u00f1o de muebles como herramienta de innovaci\u00f3n y competitividad. En su 26\u00aa \u00a0\u00a0edici\u00f3n, la m\u00e1s tradicional premiaci\u00f3n latinoamericana de dise\u00f1o tuvo 450 proyectos inscritos y, despu\u00e9s de la etapa de evaluaci\u00f3n t\u00e9cnico-funcional, anuncia 103 finalistas de Brasil, Argentina, M\u00e9xico y Uruguay (lista completa aqu\u00ed). Ahora, pr\",\"breadcrumb\":{\"@id\":\"https:\/\/www.salaodesign.com.br\/es\/crece-el-numero-de-proyectos-inscritos-en-el-premio-salao-design\/#breadcrumb\"},\"inLanguage\":\"es\",\"potentialAction\":[{\"@type\":\"ReadAction\",\"target\":[\"https:\/\/www.salaodesign.com.br\/es\/crece-el-numero-de-proyectos-inscritos-en-el-premio-salao-design\/\"]}]},{\"@type\":\"ImageObject\",\"inLanguage\":\"es\",\"@id\":\"https:\/\/www.salaodesign.com.br\/es\/crece-el-numero-de-proyectos-inscritos-en-el-premio-salao-design\/#primaryimage\",\"url\":\"https:\/\/www.salaodesign.com.br\/es\/wp-content\/uploads\/2024\/11\/Espanhol-banner-site-regulamento1.jpg\",\"contentUrl\":\"https:\/\/www.salaodesign.com.br\/es\/wp-content\/uploads\/2024\/11\/Espanhol-banner-site-regulamento1.jpg\",\"width\":960,\"height\":700},{\"@type\":\"BreadcrumbList\",\"@id\":\"https:\/\/www.salaodesign.com.br\/es\/crece-el-numero-de-proyectos-inscritos-en-el-premio-salao-design\/#breadcrumb\",\"itemListElement\":[{\"@type\":\"ListItem\",\"position\":1,\"name\":\"In\u00edcio\",\"item\":\"https:\/\/www.salaodesign.com.br\/es\/\"},{\"@type\":\"ListItem\",\"position\":2,\"name\":\"Crece el n\u00famero de proyectos inscritos en el Premio Sal\u00e3o Design\"}]},{\"@type\":\"WebSite\",\"@id\":\"https:\/\/www.salaodesign.com.br\/es\/#website\",\"url\":\"https:\/\/www.salaodesign.com.br\/es\/\",\"name\":\"Sal\u00e3o Design\",\"description\":\"Sal\u00e3o Design\",\"potentialAction\":[{\"@type\":\"SearchAction\",\"target\":{\"@type\":\"EntryPoint\",\"urlTemplate\":\"https:\/\/www.salaodesign.com.br\/es\/?s={search_term_string}\"},\"query-input\":{\"@type\":\"PropertyValueSpecification\",\"valueRequired\":true,\"valueName\":\"search_term_string\"}}],\"inLanguage\":\"es\"},{\"@type\":\"Person\",\"@id\":\"https:\/\/www.salaodesign.com.br\/es\/#\/schema\/person\/0e7a478db163021135a853aeac68c9a3\",\"name\":\"Imprensa Sindm\u00f3veis\",\"image\":{\"@type\":\"ImageObject\",\"inLanguage\":\"es\",\"@id\":\"https:\/\/www.salaodesign.com.br\/es\/#\/schema\/person\/image\/\",\"url\":\"https:\/\/www.salaodesign.com.br\/es\/wp-content\/uploads\/2020\/06\/img-user-wp.jpg\",\"contentUrl\":\"https:\/\/www.salaodesign.com.br\/es\/wp-content\/uploads\/2020\/06\/img-user-wp.jpg\",\"caption\":\"Imprensa Sindm\u00f3veis\"},\"url\":\"https:\/\/www.salaodesign.com.br\/es\/author\/imprensa\/\"}]}<\/script>\n<!-- \/ Yoast SEO plugin. -->","yoast_head_json":{"title":"Crece el n\u00famero de proyectos inscritos en el Premio Sal\u00e3o Design - Sal\u00e3o Design","description":"Iniciativa del Sindicato de las Industrias del Mobiliario de Bento Gon\u00e7alves (Sindm\u00f3veis), desde 1988 el Premio Sal\u00e3o Design revela talentos de Brasil y del exterior que ayudan a fundamentar la importancia del dise\u00f1o de muebles como herramienta de innovaci\u00f3n y competitividad. En su 26\u00aa \u00a0\u00a0edici\u00f3n, la m\u00e1s tradicional premiaci\u00f3n latinoamericana de dise\u00f1o tuvo 450 proyectos inscritos y, despu\u00e9s de la etapa de evaluaci\u00f3n t\u00e9cnico-funcional, anuncia 103 finalistas de Brasil, Argentina, M\u00e9xico y Uruguay (lista completa aqu\u00ed). Ahora, pr","robots":{"index":"index","follow":"follow","max-snippet":"max-snippet:-1","max-image-preview":"max-image-preview:large","max-video-preview":"max-video-preview:-1"},"canonical":"https:\/\/www.salaodesign.com.br\/es\/crece-el-numero-de-proyectos-inscritos-en-el-premio-salao-design\/","og_locale":"es_ES","og_type":"article","og_title":"Crece el n\u00famero de proyectos inscritos en el Premio Sal\u00e3o Design - Sal\u00e3o Design","og_description":"Iniciativa del Sindicato de las Industrias del Mobiliario de Bento Gon\u00e7alves (Sindm\u00f3veis), desde 1988 el Premio Sal\u00e3o Design revela talentos de Brasil y del exterior que ayudan a fundamentar la importancia del dise\u00f1o de muebles como herramienta de innovaci\u00f3n y competitividad. En su 26\u00aa \u00a0\u00a0edici\u00f3n, la m\u00e1s tradicional premiaci\u00f3n latinoamericana de dise\u00f1o tuvo 450 proyectos inscritos y, despu\u00e9s de la etapa de evaluaci\u00f3n t\u00e9cnico-funcional, anuncia 103 finalistas de Brasil, Argentina, M\u00e9xico y Uruguay (lista completa aqu\u00ed). Ahora, pr","og_url":"https:\/\/www.salaodesign.com.br\/es\/crece-el-numero-de-proyectos-inscritos-en-el-premio-salao-design\/","og_site_name":"Sal\u00e3o Design","article_published_time":"2026-04-07T17:19:20+00:00","og_image":[{"width":960,"height":700,"url":"https:\/\/www.salaodesign.com.br\/es\/wp-content\/uploads\/2024\/11\/Espanhol-banner-site-regulamento1.jpg","type":"image\/jpeg"}],"author":"Imprensa Sindm\u00f3veis","twitter_card":"summary_large_image","twitter_misc":{"Escrito por":"Imprensa Sindm\u00f3veis","Tiempo de lectura":"3 minutos"},"schema":{"@context":"https:\/\/schema.org","@graph":[{"@type":"Article","@id":"https:\/\/www.salaodesign.com.br\/es\/crece-el-numero-de-proyectos-inscritos-en-el-premio-salao-design\/#article","isPartOf":{"@id":"https:\/\/www.salaodesign.com.br\/es\/crece-el-numero-de-proyectos-inscritos-en-el-premio-salao-design\/"},"author":{"name":"Imprensa Sindm\u00f3veis","@id":"https:\/\/www.salaodesign.com.br\/es\/#\/schema\/person\/0e7a478db163021135a853aeac68c9a3"},"headline":"Crece el n\u00famero de proyectos inscritos en el Premio Sal\u00e3o Design","datePublished":"2026-04-07T17:19:20+00:00","mainEntityOfPage":{"@id":"https:\/\/www.salaodesign.com.br\/es\/crece-el-numero-de-proyectos-inscritos-en-el-premio-salao-design\/"},"wordCount":572,"commentCount":0,"image":{"@id":"https:\/\/www.salaodesign.com.br\/es\/crece-el-numero-de-proyectos-inscritos-en-el-premio-salao-design\/#primaryimage"},"thumbnailUrl":"https:\/\/www.salaodesign.com.br\/es\/wp-content\/uploads\/2024\/11\/Espanhol-banner-site-regulamento1.jpg","articleSection":["Blog","Geral","Not\u00edcias"],"inLanguage":"es","potentialAction":[{"@type":"CommentAction","name":"Comment","target":["https:\/\/www.salaodesign.com.br\/es\/crece-el-numero-de-proyectos-inscritos-en-el-premio-salao-design\/#respond"]}]},{"@type":"WebPage","@id":"https:\/\/www.salaodesign.com.br\/es\/crece-el-numero-de-proyectos-inscritos-en-el-premio-salao-design\/","url":"https:\/\/www.salaodesign.com.br\/es\/crece-el-numero-de-proyectos-inscritos-en-el-premio-salao-design\/","name":"Crece el n\u00famero de proyectos inscritos en el Premio Sal\u00e3o Design - Sal\u00e3o Design","isPartOf":{"@id":"https:\/\/www.salaodesign.com.br\/es\/#website"},"primaryImageOfPage":{"@id":"https:\/\/www.salaodesign.com.br\/es\/crece-el-numero-de-proyectos-inscritos-en-el-premio-salao-design\/#primaryimage"},"image":{"@id":"https:\/\/www.salaodesign.com.br\/es\/crece-el-numero-de-proyectos-inscritos-en-el-premio-salao-design\/#primaryimage"},"thumbnailUrl":"https:\/\/www.salaodesign.com.br\/es\/wp-content\/uploads\/2024\/11\/Espanhol-banner-site-regulamento1.jpg","datePublished":"2026-04-07T17:19:20+00:00","author":{"@id":"https:\/\/www.salaodesign.com.br\/es\/#\/schema\/person\/0e7a478db163021135a853aeac68c9a3"},"description":"Iniciativa del Sindicato de las Industrias del Mobiliario de Bento Gon\u00e7alves (Sindm\u00f3veis), desde 1988 el Premio Sal\u00e3o Design revela talentos de Brasil y del exterior que ayudan a fundamentar la importancia del dise\u00f1o de muebles como herramienta de innovaci\u00f3n y competitividad. En su 26\u00aa \u00a0\u00a0edici\u00f3n, la m\u00e1s tradicional premiaci\u00f3n latinoamericana de dise\u00f1o tuvo 450 proyectos inscritos y, despu\u00e9s de la etapa de evaluaci\u00f3n t\u00e9cnico-funcional, anuncia 103 finalistas de Brasil, Argentina, M\u00e9xico y Uruguay (lista completa aqu\u00ed). Ahora, pr","breadcrumb":{"@id":"https:\/\/www.salaodesign.com.br\/es\/crece-el-numero-de-proyectos-inscritos-en-el-premio-salao-design\/#breadcrumb"},"inLanguage":"es","potentialAction":[{"@type":"ReadAction","target":["https:\/\/www.salaodesign.com.br\/es\/crece-el-numero-de-proyectos-inscritos-en-el-premio-salao-design\/"]}]},{"@type":"ImageObject","inLanguage":"es","@id":"https:\/\/www.salaodesign.com.br\/es\/crece-el-numero-de-proyectos-inscritos-en-el-premio-salao-design\/#primaryimage","url":"https:\/\/www.salaodesign.com.br\/es\/wp-content\/uploads\/2024\/11\/Espanhol-banner-site-regulamento1.jpg","contentUrl":"https:\/\/www.salaodesign.com.br\/es\/wp-content\/uploads\/2024\/11\/Espanhol-banner-site-regulamento1.jpg","width":960,"height":700},{"@type":"BreadcrumbList","@id":"https:\/\/www.salaodesign.com.br\/es\/crece-el-numero-de-proyectos-inscritos-en-el-premio-salao-design\/#breadcrumb","itemListElement":[{"@type":"ListItem","position":1,"name":"In\u00edcio","item":"https:\/\/www.salaodesign.com.br\/es\/"},{"@type":"ListItem","position":2,"name":"Crece el n\u00famero de proyectos inscritos en el Premio Sal\u00e3o Design"}]},{"@type":"WebSite","@id":"https:\/\/www.salaodesign.com.br\/es\/#website","url":"https:\/\/www.salaodesign.com.br\/es\/","name":"Sal\u00e3o Design","description":"Sal\u00e3o Design","potentialAction":[{"@type":"SearchAction","target":{"@type":"EntryPoint","urlTemplate":"https:\/\/www.salaodesign.com.br\/es\/?s={search_term_string}"},"query-input":{"@type":"PropertyValueSpecification","valueRequired":true,"valueName":"search_term_string"}}],"inLanguage":"es"},{"@type":"Person","@id":"https:\/\/www.salaodesign.com.br\/es\/#\/schema\/person\/0e7a478db163021135a853aeac68c9a3","name":"Imprensa Sindm\u00f3veis","image":{"@type":"ImageObject","inLanguage":"es","@id":"https:\/\/www.salaodesign.com.br\/es\/#\/schema\/person\/image\/","url":"https:\/\/www.salaodesign.com.br\/es\/wp-content\/uploads\/2020\/06\/img-user-wp.jpg","contentUrl":"https:\/\/www.salaodesign.com.br\/es\/wp-content\/uploads\/2020\/06\/img-user-wp.jpg","caption":"Imprensa Sindm\u00f3veis"},"url":"https:\/\/www.salaodesign.com.br\/es\/author\/imprensa\/"}]}},"_links":{"self":[{"href":"https:\/\/www.salaodesign.com.br\/es\/wp-json\/wp\/v2\/posts\/2018","targetHints":{"allow":["GET"]}}],"collection":[{"href":"https:\/\/www.salaodesign.com.br\/es\/wp-json\/wp\/v2\/posts"}],"about":[{"href":"https:\/\/www.salaodesign.com.br\/es\/wp-json\/wp\/v2\/types\/post"}],"author":[{"embeddable":true,"href":"https:\/\/www.salaodesign.com.br\/es\/wp-json\/wp\/v2\/users\/3"}],"replies":[{"embeddable":true,"href":"https:\/\/www.salaodesign.com.br\/es\/wp-json\/wp\/v2\/comments?post=2018"}],"version-history":[{"count":3,"href":"https:\/\/www.salaodesign.com.br\/es\/wp-json\/wp\/v2\/posts\/2018\/revisions"}],"predecessor-version":[{"id":2021,"href":"https:\/\/www.salaodesign.com.br\/es\/wp-json\/wp\/v2\/posts\/2018\/revisions\/2021"}],"wp:featuredmedia":[{"embeddable":true,"href":"https:\/\/www.salaodesign.com.br\/es\/wp-json\/wp\/v2\/media\/1980"}],"wp:attachment":[{"href":"https:\/\/www.salaodesign.com.br\/es\/wp-json\/wp\/v2\/media?parent=2018"}],"wp:term":[{"taxonomy":"category","embeddable":true,"href":"https:\/\/www.salaodesign.com.br\/es\/wp-json\/wp\/v2\/categories?post=2018"},{"taxonomy":"post_tag","embeddable":true,"href":"https:\/\/www.salaodesign.com.br\/es\/wp-json\/wp\/v2\/tags?post=2018"}],"curies":[{"name":"wp","href":"https:\/\/api.w.org\/{rel}","templated":true}]}}